{"id":255834,"date":"2026-08-19T11:08:08","date_gmt":"2026-08-19T11:08:08","guid":{"rendered":"https:\/\/www.europesays.com\/ee\/255834\/"},"modified":"2026-08-19T11:08:08","modified_gmt":"2026-08-19T11:08:08","slug":"meeskonna-keset-mangu-valjakult-minema-kasutanud-legioni-treener-sai-pika-juhendamiskeelu-klubile-maarati-karistus","status":"publish","type":"post","link":"https:\/\/www.europesays.com\/ee\/255834\/","title":{"rendered":"Meeskonna keset m\u00e4ngu v\u00e4ljakult minema k\u00e4sutanud Legioni treener sai pika juhendamiskeelu, klubile m\u00e4\u00e4rati karistus"},"content":{"rendered":"<p>Juhtum leidis aset Legioni ja Tartu Tammeka U21 kohtumise ajal. Artjuhhov kamandas meeskonna riietusruumi 68. minutil, mil Legion oli 3:1 eduseisu m\u00e4nginud maha 3:3 viigiks ning Legioni m\u00e4ngija Lev Visman sai teise kollase ja \u00fchtlasi punase kaardi.<\/p>\n<p>Artjuhhovile tegi pahameelt kohtuniku vilepartii. Treeneri hinnangul tegi arbiiter tema hoolealustele liiga, vilistades selgelt Tammeka kasuks p\u00e4rast seda, kui Legion saavutas 3:1 eduseisu.<\/p>\n<p>Artjuhhovi ja Legioni k\u00e4itumine j\u00f5udis m\u00f5istagi Eesti Jalgpalli Liidu (EJL) distsiplinaarkomisjoni lauale. Komisjon m\u00e4\u00e4ras Legionile rahatrahvi, meeskonna peatreenerile viiem\u00e4ngulise juhendamiskeelu ning Tammeka U21 kasuks loobumisv\u00f5idu.<\/p>\n<ul>\n<li data-list-item-id=\"ed47bc9466cde316f8dbb09a3fd2e0638\">M\u00e4\u00e4rata m\u00e4ngutulemuseks -:3 Tartu JK Tammeka U21 kasuks. K\u00f5ik m\u00e4ngus Tammeka poolt l\u00f6\u00f6dud v\u00e4ravad ja m\u00f5lema v\u00f5istkonna distsiplinaarkaristused j\u00e4\u00e4vad kehtima.<\/li>\n<li data-list-item-id=\"e04a5211c687991b6c9ada675fa4105e2\">Sanktsioneerida Tallinna JK Legioni treenerit Mihhail Artjuhhovi v\u00f5istkondade juhendamise ja esindamise keeluga Eesti meistriv\u00f5istlustel viieks m\u00e4nguks.<\/li>\n<li data-list-item-id=\"e720224dfee620607e93875b56a3648cf\">Sanktsioneerida Tallinna JK Legioni klubi 2000-eurose rahatrahviga.<\/li>\n<\/ul>\n<p>EJL lisab, et otsused j\u00f5ustuvad v\u00e4ljasaatmise hetkest, kuid otsust on v\u00f5imalik edasi kaevata seitsme p\u00e4eva jooksul EJLi apellatsioonikomisjonile, mis langetab l\u00f5pliku otsuse.<\/p>\n<p>Legion hoiab Esiliiga B tabelis 10 punktiga viimast kohta. Tammeka U21 on 46 silmaga liider.<\/p>\n","protected":false},"excerpt":{"rendered":"Juhtum leidis aset Legioni ja Tartu Tammeka U21 kohtumise ajal. Artjuhhov kamandas meeskonna riietusruumi 68. minutil, mil Legion&hellip;\n","protected":false},"author":2,"featured_media":255835,"comment_status":"","ping_status":"","sticky":false,"template":"","format":"standard","meta":{"footnotes":"","_share_on_mastodon":"0"},"categories":[18],"tags":[37,33,35,2463,34,36,99976,9343,76672,159,158,10845],"class_list":["post-255834","post","type-post","status-publish","format-standard","has-post-thumbnail","category-sport","tag-ee","tag-eesti","tag-eesti-keel","tag-esiliiga-b","tag-estonia","tag-estonian","tag-juhendamiskeeld","tag-karistus","tag-mihhail-artjuhhov","tag-sport","tag-sports","tag-tallinna-legion"],"share_on_mastodon":{"url":"https:\/\/pubeurope.com\/@ee\/117121863422315110","error":""},"_links":{"self":[{"href":"https:\/\/www.europesays.com\/ee\/wp-json\/wp\/v2\/posts\/255834","targetHints":{"allow":["GET"]}}],"collection":[{"href":"https:\/\/www.europesays.com\/ee\/wp-json\/wp\/v2\/posts"}],"about":[{"href":"https:\/\/www.europesays.com\/ee\/wp-json\/wp\/v2\/types\/post"}],"author":[{"embeddable":true,"href":"https:\/\/www.europesays.com\/ee\/wp-json\/wp\/v2\/users\/2"}],"replies":[{"embeddable":true,"href":"https:\/\/www.europesays.com\/ee\/wp-json\/wp\/v2\/comments?post=255834"}],"version-history":[{"count":0,"href":"https:\/\/www.europesays.com\/ee\/wp-json\/wp\/v2\/posts\/255834\/revisions"}],"wp:featuredmedia":[{"embeddable":true,"href":"https:\/\/www.europesays.com\/ee\/wp-json\/wp\/v2\/media\/255835"}],"wp:attachment":[{"href":"https:\/\/www.europesays.com\/ee\/wp-json\/wp\/v2\/media?parent=255834"}],"wp:term":[{"taxonomy":"category","embeddable":true,"href":"https:\/\/www.europesays.com\/ee\/wp-json\/wp\/v2\/categories?post=255834"},{"taxonomy":"post_tag","embeddable":true,"href":"https:\/\/www.europesays.com\/ee\/wp-json\/wp\/v2\/tags?post=255834"}],"curies":[{"name":"wp","href":"https:\/\/api.w.org\/{rel}","templated":true}]}}