{"id":255856,"date":"2026-08-19T11:32:16","date_gmt":"2026-08-19T11:32:16","guid":{"rendered":"https:\/\/www.europesays.com\/ee\/255856\/"},"modified":"2026-08-19T11:32:16","modified_gmt":"2026-08-19T11:32:16","slug":"sojaraport-teet-kalmus-vaese-mehe-tomahawk-tabas-valusalt-ukraina-tiibrakett-flamingo-toi-z-kanalitesse-paanika","status":"publish","type":"post","link":"https:\/\/www.europesays.com\/ee\/255856\/","title":{"rendered":"S\u00d5JARAPORT | Teet Kalmus: vaese mehe Tomahawk tabas valusalt. Ukraina tiibrakett Flamingo t\u00f5i Z-kanalitesse paanika"},"content":{"rendered":"<p>Raha v\u00e4ljavool pankadest ja k\u00fctusekriis halvendavad elanike emotsionaalset fooni. Tele-eetris kaotavad s\u00f5jakad propagandistid reitinguid laulvatele vanaemadele.<\/p>\n<p>Kvaliteetsed satelliidifotod kinnitasid informatsiooni, et kaks Ukraina tiibraketti FP-5 Flamingo tegid t\u00e4istabamuse Samaaras asuva ettev\u00f5tte TsSKB Progress tsehhile 106A, tekitades selle katusele 35 x 85 meetri suuruse augu. Kui v\u00f5tta arvesse, et sellise tiibraketi l\u00f5hkepea kaalub \u00fcle tonni, siis ei saa p\u00e4rast kahe raketi plahvatust tsehhist enam suurt midagi alles olla.<\/p>\n","protected":false},"excerpt":{"rendered":"Raha v\u00e4ljavool pankadest ja k\u00fctusekriis halvendavad elanike emotsionaalset fooni. Tele-eetris kaotavad s\u00f5jakad propagandistid reitinguid laulvatele vanaemadele. Kvaliteetsed satelliidifotod&hellip;\n","protected":false},"author":2,"featured_media":255857,"comment_status":"","ping_status":"","sticky":false,"template":"","format":"standard","meta":{"footnotes":"","_share_on_mastodon":"0"},"categories":[80],"tags":[26,27,37,33,35,34,36,31,32,21,28,29,95,19,25,107,2187,23,24,22,20,30,92,93,94],"class_list":["post-255856","post","type-post","status-publish","format-standard","has-post-thumbnail","category-maailm","tag-breaking-news","tag-breakingnews","tag-ee","tag-eesti","tag-eesti-keel","tag-estonia","tag-estonian","tag-featured-news","tag-featurednews","tag-headlines","tag-latest-news","tag-latestnews","tag-maailm","tag-news","tag-populaarseimad-lood","tag-soda-ukrainas","tag-sojaraport","tag-top-stories","tag-topstories","tag-uldised-uudised","tag-uudised","tag-viimased-uudised","tag-world","tag-world-news","tag-worldnews"],"share_on_mastodon":{"url":"https:\/\/pubeurope.com\/@ee\/117121957545076747","error":""},"_links":{"self":[{"href":"https:\/\/www.europesays.com\/ee\/wp-json\/wp\/v2\/posts\/255856","targetHints":{"allow":["GET"]}}],"collection":[{"href":"https:\/\/www.europesays.com\/ee\/wp-json\/wp\/v2\/posts"}],"about":[{"href":"https:\/\/www.europesays.com\/ee\/wp-json\/wp\/v2\/types\/post"}],"author":[{"embeddable":true,"href":"https:\/\/www.europesays.com\/ee\/wp-json\/wp\/v2\/users\/2"}],"replies":[{"embeddable":true,"href":"https:\/\/www.europesays.com\/ee\/wp-json\/wp\/v2\/comments?post=255856"}],"version-history":[{"count":0,"href":"https:\/\/www.europesays.com\/ee\/wp-json\/wp\/v2\/posts\/255856\/revisions"}],"wp:featuredmedia":[{"embeddable":true,"href":"https:\/\/www.europesays.com\/ee\/wp-json\/wp\/v2\/media\/255857"}],"wp:attachment":[{"href":"https:\/\/www.europesays.com\/ee\/wp-json\/wp\/v2\/media?parent=255856"}],"wp:term":[{"taxonomy":"category","embeddable":true,"href":"https:\/\/www.europesays.com\/ee\/wp-json\/wp\/v2\/categories?post=255856"},{"taxonomy":"post_tag","embeddable":true,"href":"https:\/\/www.europesays.com\/ee\/wp-json\/wp\/v2\/tags?post=255856"}],"curies":[{"name":"wp","href":"https:\/\/api.w.org\/{rel}","templated":true}]}}