{"id":255874,"date":"2026-08-19T11:54:09","date_gmt":"2026-08-19T11:54:09","guid":{"rendered":"https:\/\/www.europesays.com\/ee\/255874\/"},"modified":"2026-08-19T11:54:09","modified_gmt":"2026-08-19T11:54:09","slug":"lati-liiklusohutusametist-varastati-12-miljoni-inimese-isikuandmed","status":"publish","type":"post","link":"https:\/\/www.europesays.com\/ee\/255874\/","title":{"rendered":"L\u00e4ti liiklusohutusametist varastati 1,2 miljoni inimese isikuandmed"},"content":{"rendered":"<p>L\u00e4ti liiklusohutusameti (CSDD) vastase k\u00fcberr\u00fcnnaku k\u00e4igus varastati 1,2 miljoni inimese isikuandmed, teatas eile L\u00e4ti k\u00fcberturbe intsidentidele reageerimise asutus Cert.lv. Juhtunuga seoses algatati kriminaalasi ning ameti juhatus ja n\u00f5ukogu astusid t\u00e4na lekke t\u00f5ttu tagasi.<\/p>\n<p>Cert.lv teatel varastati CSDD vastu suunatud k\u00fcberr\u00fcnnaku tagaj\u00e4rjel 1,2 miljoni inimese isikuandmed ja ligikaudu 200 000 juriidilise isiku andmed. Andmed varastati ametile viimase 18 aasta jooksul tehtud maksetest.<\/p>\n","protected":false},"excerpt":{"rendered":"L\u00e4ti liiklusohutusameti (CSDD) vastase k\u00fcberr\u00fcnnaku k\u00e4igus varastati 1,2 miljoni inimese isikuandmed, teatas eile L\u00e4ti k\u00fcberturbe intsidentidele reageerimise asutus&hellip;\n","protected":false},"author":2,"featured_media":255875,"comment_status":"","ping_status":"","sticky":false,"template":"","format":"standard","meta":{"footnotes":"","_share_on_mastodon":"0"},"categories":[80],"tags":[26,27,37,33,35,34,36,31,32,21,766,28,29,114,95,19,25,23,24,22,20,30,92,93,94],"class_list":["post-255874","post","type-post","status-publish","format-standard","has-post-thumbnail","category-maailm","tag-breaking-news","tag-breakingnews","tag-ee","tag-eesti","tag-eesti-keel","tag-estonia","tag-estonian","tag-featured-news","tag-featurednews","tag-headlines","tag-kuberrunnak","tag-latest-news","tag-latestnews","tag-lati","tag-maailm","tag-news","tag-populaarseimad-lood","tag-top-stories","tag-topstories","tag-uldised-uudised","tag-uudised","tag-viimased-uudised","tag-world","tag-world-news","tag-worldnews"],"share_on_mastodon":{"url":"https:\/\/pubeurope.com\/@ee\/117122043903620145","error":""},"_links":{"self":[{"href":"https:\/\/www.europesays.com\/ee\/wp-json\/wp\/v2\/posts\/255874","targetHints":{"allow":["GET"]}}],"collection":[{"href":"https:\/\/www.europesays.com\/ee\/wp-json\/wp\/v2\/posts"}],"about":[{"href":"https:\/\/www.europesays.com\/ee\/wp-json\/wp\/v2\/types\/post"}],"author":[{"embeddable":true,"href":"https:\/\/www.europesays.com\/ee\/wp-json\/wp\/v2\/users\/2"}],"replies":[{"embeddable":true,"href":"https:\/\/www.europesays.com\/ee\/wp-json\/wp\/v2\/comments?post=255874"}],"version-history":[{"count":0,"href":"https:\/\/www.europesays.com\/ee\/wp-json\/wp\/v2\/posts\/255874\/revisions"}],"wp:featuredmedia":[{"embeddable":true,"href":"https:\/\/www.europesays.com\/ee\/wp-json\/wp\/v2\/media\/255875"}],"wp:attachment":[{"href":"https:\/\/www.europesays.com\/ee\/wp-json\/wp\/v2\/media?parent=255874"}],"wp:term":[{"taxonomy":"category","embeddable":true,"href":"https:\/\/www.europesays.com\/ee\/wp-json\/wp\/v2\/categories?post=255874"},{"taxonomy":"post_tag","embeddable":true,"href":"https:\/\/www.europesays.com\/ee\/wp-json\/wp\/v2\/tags?post=255874"}],"curies":[{"name":"wp","href":"https:\/\/api.w.org\/{rel}","templated":true}]}}