{"id":255938,"date":"2026-08-19T13:08:09","date_gmt":"2026-08-19T13:08:09","guid":{"rendered":"https:\/\/www.europesays.com\/ee\/255938\/"},"modified":"2026-08-19T13:08:09","modified_gmt":"2026-08-19T13:08:09","slug":"taroskoop-kolmapaev-19-august-2026","status":"publish","type":"post","link":"https:\/\/www.europesays.com\/ee\/255938\/","title":{"rendered":"Taroskoop: Kolmap\u00e4ev, 19. august 2026"},"content":{"rendered":"<p class=\"wp-block-paragraph\">J\u00e4\u00e4r (21. m\u00e4rts \u2013 19. aprill) \u2013 M\u00f5\u00f5kade \u00c4ss T\u00e4na toob selguse hetke. Su m\u00f5istus on terav ja suudad l\u00e4bida mis tahes segaduse, et j\u00f5uda t\u00f5eni. Ideaalne aeg oluliste otsuste tegemiseks ja selgete piiride seadmiseks.<\/p>\n<p class=\"wp-block-paragraph\">S\u00f5nn (20. aprill \u2013 20. mai) \u2013 M\u00fcntide K\u00fcmme P\u00e4ev toob stabiilsust, turvatunnet ja rahulolu. Fookus on kodul, perekonnal ja pikaajalisel heaolul. Tunned r\u00f5\u00f5mu sellest, mida oled oma t\u00f6\u00f6 ja vaevaga \u00fcles ehitanud.<\/p>\n<p class=\"wp-block-paragraph\">Kaksikud (21. mai \u2013 20. juuni) \u2013 M\u00f5\u00f5kade R\u00fc\u00fctel Energia on kiire ja d\u00fcnaamiline. Tormad julgelt edasi oma eesm\u00e4rkide poole, kuid j\u00e4lgitavalt tasub hoida suhteid \u2013 \u00e4ra lase kiirustamisel muutuda teravaks suhtlemiseks.<\/p>\n<p class=\"wp-block-paragraph\">V\u00e4hk (21. juuni \u2013 22. juuli) \u2013 Karikate Emand Sinu empaatia ja emotsionaalne intelligentsus on t\u00e4na tipus. Kuula oma siseh\u00e4\u00e4lt ning pakugi tuge neile, kes seda vajavad. Sinu soojus meelitab inimesi end avama.<\/p>\n<p class=\"wp-block-paragraph\">L\u00f5vi (23. juul \u2013 22. august) \u2013 P\u00e4ike Suur r\u00f5\u00f5m, energia ja edu t\u00e4idavad su p\u00e4eva. K\u00f5ik, mida t\u00e4na ette v\u00f5tad, s\u00e4rab positiivsuses. Lase oma sisemisel valgusel paista ja naudi hetke t\u00e4iel rinnal.<\/p>\n<p class=\"wp-block-paragraph\">Neitsi (23. august \u2013 22. september) \u2013 Erak Sinu aeg on vaadata sissepoole. Vajad hetke vaikust, et teha vahekokkuv\u00f5tteid ja leida oma vastused. Eemaldu veidi igap\u00e4evasest k\u00e4restikust ja puhka oma meelt.<\/p>\n<p class=\"wp-block-paragraph\">Kaalud (23. september \u2013 22. oktoober) \u2013 \u00d5iglus K\u00f5ik asjad otsivad t\u00e4na tasakaalu ja t\u00f5de. Sinu otsused peavad olema kaalutletud ja ausad. Mida k\u00fclvad, seda l\u00f5ikad \u2013 tegutse s\u00fcdametunnistuse j\u00e4rgi.<\/p>\n<p class=\"wp-block-paragraph\">Skorpion (23. oktoober \u2013 21. november) \u2013 Surm (Muutus) \u00c4ra karda seda kaarti \u2013 see t\u00e4histab vanade mustrite l\u00f5ppu ja uue algust. Midagi ebaolulist j\u00e4\u00e4b seljataha, et teha ruumi v\u00e4rskele energiale ja uutele v\u00f5imalustele.<\/p>\n<p class=\"wp-block-paragraph\">Ambur (22. november \u2013 21. detsember) \u2013 Karikate R\u00fc\u00fctel S\u00fcdameasjad ja romantilised pakkumised on fookuses. Oled inspireeritud ja valmis oma tundeid jagama. T\u00e4na tasub j\u00e4rgida oma s\u00fcdame kutset.<\/p>\n<p class=\"wp-block-paragraph\">Kaljukits (22. detsember \u2013 19. jaanuar) \u2013 M\u00fcntide Kuningas Praktilisus, edu ja p\u00fchendumus viivad sind sihile. Oled kindlal pinnasel ja kontrollid oma ressursse. Suurep\u00e4rane p\u00e4ev finantsilisteks ja t\u00f6\u00f6alasteks sammudeks.<\/p>\n<p class=\"wp-block-paragraph\">Veevalaja (20. jaanuar \u2013 18. veebruar) \u2013 T\u00e4ht Lootus, inspiratsioon ja rahu t\u00e4idavad su hinge. N\u00e4ed tulevikku selgelt ja positiivses valguses. Usu oma unistustesse, sest universum toetab sind.<\/p>\n<p class=\"wp-block-paragraph\">Kalad (19. veebruar \u2013 20. m\u00e4rts) \u2013 Kuu Aeg vaadata l\u00e4bi udusulestiku. Sinu intuitsioon on tugev, kuid asjad ei pruugi olla p\u00e4ris sellised, nagu esmapilgul tunduvad. Usalda oma sisetunnet rohkem kui v\u00e4liseid m\u00e4rke.<\/p>\n<p style=\"font-size: 1.1rem; font-weight: bold; margin: 0 0 10px;\">\ud83d\udd2e Kui see s\u00f5num Sind puudutas, jaga seda ka oma s\u00f5pradega!<\/p>\n<p style=\"font-size: 1rem; margin: 0 0 15px;\">Aidates teistel leida valgust, tood valgust ka enda ellu. Vajuta &#8220;Jaga&#8221; ja lase headusel levida.<\/p>\n<p>        About The Author<\/p>\n<p>\nRelated\n<\/p>\n<p>0%<br \/>\nLove<\/p>\n<p>0%<br \/>\nFunny<\/p>\n<p>0%<br \/>\nWow<\/p>\n<p>0%<br \/>\nSad<\/p>\n<p>0%<br \/>\nAngry<\/p>\n<p>Post navigation<\/p>\n","protected":false},"excerpt":{"rendered":"J\u00e4\u00e4r (21. m\u00e4rts \u2013 19. aprill) \u2013 M\u00f5\u00f5kade \u00c4ss T\u00e4na toob selguse hetke. Su m\u00f5istus on terav ja&hellip;\n","protected":false},"author":2,"featured_media":255939,"comment_status":"","ping_status":"","sticky":false,"template":"","format":"standard","meta":{"footnotes":"","_share_on_mastodon":"0"},"categories":[16],"tags":[37,33,35,173,34,36,140,1030],"class_list":["post-255938","post","type-post","status-publish","format-standard","has-post-thumbnail","category-meelelahutus","tag-ee","tag-eesti","tag-eesti-keel","tag-entertainment","tag-estonia","tag-estonian","tag-meelelahutus","tag-taroskoop"],"share_on_mastodon":{"url":"https:\/\/pubeurope.com\/@ee\/117122334958175862","error":""},"_links":{"self":[{"href":"https:\/\/www.europesays.com\/ee\/wp-json\/wp\/v2\/posts\/255938","targetHints":{"allow":["GET"]}}],"collection":[{"href":"https:\/\/www.europesays.com\/ee\/wp-json\/wp\/v2\/posts"}],"about":[{"href":"https:\/\/www.europesays.com\/ee\/wp-json\/wp\/v2\/types\/post"}],"author":[{"embeddable":true,"href":"https:\/\/www.europesays.com\/ee\/wp-json\/wp\/v2\/users\/2"}],"replies":[{"embeddable":true,"href":"https:\/\/www.europesays.com\/ee\/wp-json\/wp\/v2\/comments?post=255938"}],"version-history":[{"count":0,"href":"https:\/\/www.europesays.com\/ee\/wp-json\/wp\/v2\/posts\/255938\/revisions"}],"wp:featuredmedia":[{"embeddable":true,"href":"https:\/\/www.europesays.com\/ee\/wp-json\/wp\/v2\/media\/255939"}],"wp:attachment":[{"href":"https:\/\/www.europesays.com\/ee\/wp-json\/wp\/v2\/media?parent=255938"}],"wp:term":[{"taxonomy":"category","embeddable":true,"href":"https:\/\/www.europesays.com\/ee\/wp-json\/wp\/v2\/categories?post=255938"},{"taxonomy":"post_tag","embeddable":true,"href":"https:\/\/www.europesays.com\/ee\/wp-json\/wp\/v2\/tags?post=255938"}],"curies":[{"name":"wp","href":"https:\/\/api.w.org\/{rel}","templated":true}]}}