{"id":255968,"date":"2026-08-19T13:45:11","date_gmt":"2026-08-19T13:45:11","guid":{"rendered":"https:\/\/www.europesays.com\/ee\/255968\/"},"modified":"2026-08-19T13:45:11","modified_gmt":"2026-08-19T13:45:11","slug":"andres-sepp-%e2%9f%a9-miks-me-sellest-kirjutasime","status":"publish","type":"post","link":"https:\/\/www.europesays.com\/ee\/255968\/","title":{"rendered":"ANDRES SEPP \u27e9 Miks me sellest kirjutasime?"},"content":{"rendered":"<p class=\"MsoNormal\">Facebooki arutelus hakati naist nimetama, tema isikut oletama ja teda solvama. Seda ma ei \u00f5igusta. Juhtumi avalikustamine ei anna kellelegi \u00f5igust korraldada omakohut ega muuta s\u00f5ltuvusprobleemiga inimest s\u00f5imu m\u00e4rklauaks. Ajakirjanduse \u00fclesanne ei ole valida inimest, keda rahvahulk v\u00f5iks kividega loopida.<\/p>\n<p class=\"MsoNormal\">Loo m\u00f5te polnud ka teatada rasedatele, et alkohol kahjustab loodet. Seda teab iga t\u00e4iskasvanu ning s\u00f5ltuvushaigus ei kao manitsuse, h\u00e4bistamise ega ajaleheartikli m\u00f5jul.<\/p>\n<p class=\"MsoNormal\">K\u00fcsimus on lapse kaitsmises<\/p>\n<p class=\"MsoNormal\">K\u00fcsimus on laiem: kuidas saab raseduse ajal j\u00e4rjepidevalt alkoholi tarvitanud naine j\u00f5uda s\u00fcnnituseni, ilma et abi oleks tema ja s\u00fcndiva lapseni j\u00f5udnud \u00f5igel ajal? Millal tekib ametkondadel v\u00f5imalus sekkuda? Kes m\u00e4rkab ohtu ja mida saab p\u00e4riselt teha enne, kui laps s\u00fcnnib kahjustatuna?<\/p>\n<p class=\"MsoNormal\">L\u00fchike uudisnupp neid k\u00fcsimusi ei avanud. Seet\u00f5ttu on m\u00f5istetav ka kriitika, et lugejale n\u00e4idati \u00fcksikut vapustavat juhtumit, kuid ei selgitatud probleemi ulatust ega abis\u00fcsteemi toimimist. Juhtum ise oli uudis. Selle tausta avamine on ajakirjanduse j\u00e4rgmine \u00fclesanne.<\/p>\n<p class=\"MsoNormal\">Eraldi k\u00fcsimus puudutab allikaid. Ajakirjanikud ei avalda oma allikate nimesid, kui pole teisiti kokku lepitud. Samuti ei saa \u00fcksnes loos sisalduvate andmete p\u00f5hjal j\u00e4reldada, et teabe andis haigla v\u00f5i kiirabi t\u00f6\u00f6taja. S\u00fcndmuse tunnistajate ring oli palju laiem.<\/p>\n<p class=\"MsoNormal\">Me ei kirjutanud sellest naisest sellep\u00e4rast, et tema elu oleks v\u00e4hem v\u00e4\u00e4rt v\u00f5i tema v\u00e4\u00e4rikus v\u00e4iksem kui teistel. Kirjutasime, sest s\u00fcndimata ja vasts\u00fcndinud laps ei saa ennast kaitsta ega oma olukorrast teada anda. Kui t\u00e4iskasvanu s\u00f5ltuvus seab lapse tervise otsesesse ohtu, ei ole see enam ainult \u00fche inimese eraasi.<\/p>\n<p class=\"MsoNormal\">Ent avalik huvi ei t\u00e4henda avalikku hukkamist. Nende kahe vahele piiri t\u00f5mbamine on toimetuse t\u00f6\u00f6. Vahel on see piir selge, vahel aga \u00fcsna vaieldav. K\u00f5nealune juhtum kuulub teise r\u00fchma ning seep\u00e4rast v\u00e4\u00e4rib ka selle kajastamise \u00fcle tekkinud vaidlus t\u00f5siselt v\u00f5tmist.<\/p>\n","protected":false},"excerpt":{"rendered":"Facebooki arutelus hakati naist nimetama, tema isikut oletama ja teda solvama. Seda ma ei \u00f5igusta. Juhtumi avalikustamine ei&hellip;\n","protected":false},"author":2,"featured_media":255969,"comment_status":"","ping_status":"","sticky":false,"template":"","format":"standard","meta":{"footnotes":"","_share_on_mastodon":"0"},"categories":[12],"tags":[622,15078,23839,26,27,37,33,35,8878,26748,34,36,31,32,21,100013,28,29,19,25,4581,31849,100011,23,24,22,20,100012,30],"class_list":["post-255968","post","type-post","status-publish","format-standard","has-post-thumbnail","category-eesti","tag-ajakirjandus","tag-allikakaitse","tag-avalik-huvi","tag-breaking-news","tag-breakingnews","tag-ee","tag-eesti","tag-eesti-keel","tag-eetika","tag-eraelu-puutumatus","tag-estonia","tag-estonian","tag-featured-news","tag-featurednews","tag-headlines","tag-joobes-sunnitamine","tag-latest-news","tag-latestnews","tag-news","tag-populaarseimad-lood","tag-saarte-haal","tag-terviseandmed","tag-toimetuse-kommentaar","tag-top-stories","tag-topstories","tag-uldised-uudised","tag-uudised","tag-uudisvaartus","tag-viimased-uudised"],"share_on_mastodon":{"url":"https:\/\/pubeurope.com\/@ee\/117122480530490621","error":""},"_links":{"self":[{"href":"https:\/\/www.europesays.com\/ee\/wp-json\/wp\/v2\/posts\/255968","targetHints":{"allow":["GET"]}}],"collection":[{"href":"https:\/\/www.europesays.com\/ee\/wp-json\/wp\/v2\/posts"}],"about":[{"href":"https:\/\/www.europesays.com\/ee\/wp-json\/wp\/v2\/types\/post"}],"author":[{"embeddable":true,"href":"https:\/\/www.europesays.com\/ee\/wp-json\/wp\/v2\/users\/2"}],"replies":[{"embeddable":true,"href":"https:\/\/www.europesays.com\/ee\/wp-json\/wp\/v2\/comments?post=255968"}],"version-history":[{"count":0,"href":"https:\/\/www.europesays.com\/ee\/wp-json\/wp\/v2\/posts\/255968\/revisions"}],"wp:featuredmedia":[{"embeddable":true,"href":"https:\/\/www.europesays.com\/ee\/wp-json\/wp\/v2\/media\/255969"}],"wp:attachment":[{"href":"https:\/\/www.europesays.com\/ee\/wp-json\/wp\/v2\/media?parent=255968"}],"wp:term":[{"taxonomy":"category","embeddable":true,"href":"https:\/\/www.europesays.com\/ee\/wp-json\/wp\/v2\/categories?post=255968"},{"taxonomy":"post_tag","embeddable":true,"href":"https:\/\/www.europesays.com\/ee\/wp-json\/wp\/v2\/tags?post=255968"}],"curies":[{"name":"wp","href":"https:\/\/api.w.org\/{rel}","templated":true}]}}