{"id":255992,"date":"2026-08-19T14:18:12","date_gmt":"2026-08-19T14:18:12","guid":{"rendered":"https:\/\/www.europesays.com\/ee\/255992\/"},"modified":"2026-08-19T14:18:12","modified_gmt":"2026-08-19T14:18:12","slug":"milremi-hoone-suutamine-leidis-toendust-kolm-kahtlusalust-peeti-latis-kinni","status":"publish","type":"post","link":"https:\/\/www.europesays.com\/ee\/255992\/","title":{"rendered":"Milremi hoone s\u00fc\u00fctamine leidis t\u00f5endust, kolm kahtlusalust peeti L\u00e4tis kinni"},"content":{"rendered":"<p>Riigiprokur\u00f6r Gardi Andersoni s\u00f5nul tehakse L\u00e4ti \u00f5iguskaitseasutustega tihedat koost\u00f6\u00f6d. \u201eTaotlesime kohtult kahe kahtlustatava vahistamist ning kohus on taotlused rahuldanud. Kahtlustatavate Eestisse toomiseks teeme koost\u00f6\u00f6d L\u00e4ti kolleegidega. L\u00e4hiajal otsustame ka kolmanda kahtlustatava vahistamise taotlemise,\u201c lisas Anderson<\/p>\n<p>\u201eUurimisversioonide kohta saab hetkel lisada, et s\u00fc\u00fctamine oli tahtlik ja etteplaneeritud. Kontrollime k\u00f5iki versioone, sealhulgas seda, kas tegemist oli sabotaa\u017eiga.\u201c T\u00e4psemat teavet prokuratuur uurimisversioonide kohta hetkel avaldada ei saa.<\/p>\n<p>\u00d6\u00f6l vastu laup\u00e4eva p\u00f5les Tallinnas Lasnam\u00e4el Betooni t\u00e4naval <a rel=\"noopener nofollow\" target=\"_blank\" href=\"https:\/\/www.delfi.ee\/teema\/72452477\/milrem\" data-rel-date-range=\"[]\">Milrem<\/a> Roboticsi kasutuses olnud hoone.<\/p>\n<p>Peaprokur\u00f6r Astrid Asi \u00fctles teisip\u00e4eval, et juhtunu uurimiseks on algatatud kriminaalmenetlus ning kaitsepolitsei ja P\u00f5hja prefektuuri kogutud t\u00f5endite p\u00f5hjal on suudetud kuriteos kahtlustatavad tuvastada.<\/p>\n<p><a href=\"http:\/\/www.delfi.ee\/artikkel\/120604604\/ool-vastu-laupaeva-poles-tallinnas-milremi-hoone-kahtlustatakse-suutamist#dalrel-in-article\" class=\"content-embedded-articles-single__embedded-article\" data-v-6f4d311d=\"\" rel=\"nofollow noopener\" target=\"_blank\"><\/p>\n<p>18.08.2026<\/p>\n<p>FOTOD | Milrem Roboticsi Tallinna hoone p\u00f5lengut uuritakse v\u00f5imaliku sabotaa\u017eikatsena(103)<\/p>\n<p><\/a>Kuidas see lugu Sind end tundma pani?Saada<a href=\"https:\/\/www.delfi.ee\/artikkel\/120604889\/milrem-roboticsi-suutamine-oli-tahtlik-kolm-kahtlusalust-peeti-latis-kinni\/kommentaarid\" class=\"button button--primary button--size-auto article-body-bottom__comment article-body-bottom__comment--write\" style=\"\" rel=\"nofollow noopener\" target=\"_blank\">Kommenteeri<\/a><a href=\"https:\/\/www.delfi.ee\/artikkel\/120604889\/milrem-roboticsi-suutamine-oli-tahtlik-kolm-kahtlusalust-peeti-latis-kinni\/kommentaarid\" class=\"button button--size-auto article-body-bottom__comment article-body-bottom__comment--read\" style=\"\" rel=\"nofollow noopener\" target=\"_blank\">Loe kommentaare (27)<\/a><\/p>\n","protected":false},"excerpt":{"rendered":"Riigiprokur\u00f6r Gardi Andersoni s\u00f5nul tehakse L\u00e4ti \u00f5iguskaitseasutustega tihedat koost\u00f6\u00f6d. \u201eTaotlesime kohtult kahe kahtlustatava vahistamist ning kohus on taotlused&hellip;\n","protected":false},"author":2,"featured_media":255993,"comment_status":"","ping_status":"","sticky":false,"template":"","format":"standard","meta":{"footnotes":"","_share_on_mastodon":"0"},"categories":[12],"tags":[26,27,37,33,35,34,36,31,32,21,2164,28,29,8549,19,25,23,24,22,20,30],"class_list":["post-255992","post","type-post","status-publish","format-standard","has-post-thumbnail","category-eesti","tag-breaking-news","tag-breakingnews","tag-ee","tag-eesti","tag-eesti-keel","tag-estonia","tag-estonian","tag-featured-news","tag-featurednews","tag-headlines","tag-kaitsetoostus","tag-latest-news","tag-latestnews","tag-milrem-robotics","tag-news","tag-populaarseimad-lood","tag-top-stories","tag-topstories","tag-uldised-uudised","tag-uudised","tag-viimased-uudised"],"share_on_mastodon":{"url":"https:\/\/pubeurope.com\/@ee\/117122610194003287","error":""},"_links":{"self":[{"href":"https:\/\/www.europesays.com\/ee\/wp-json\/wp\/v2\/posts\/255992","targetHints":{"allow":["GET"]}}],"collection":[{"href":"https:\/\/www.europesays.com\/ee\/wp-json\/wp\/v2\/posts"}],"about":[{"href":"https:\/\/www.europesays.com\/ee\/wp-json\/wp\/v2\/types\/post"}],"author":[{"embeddable":true,"href":"https:\/\/www.europesays.com\/ee\/wp-json\/wp\/v2\/users\/2"}],"replies":[{"embeddable":true,"href":"https:\/\/www.europesays.com\/ee\/wp-json\/wp\/v2\/comments?post=255992"}],"version-history":[{"count":0,"href":"https:\/\/www.europesays.com\/ee\/wp-json\/wp\/v2\/posts\/255992\/revisions"}],"wp:featuredmedia":[{"embeddable":true,"href":"https:\/\/www.europesays.com\/ee\/wp-json\/wp\/v2\/media\/255993"}],"wp:attachment":[{"href":"https:\/\/www.europesays.com\/ee\/wp-json\/wp\/v2\/media?parent=255992"}],"wp:term":[{"taxonomy":"category","embeddable":true,"href":"https:\/\/www.europesays.com\/ee\/wp-json\/wp\/v2\/categories?post=255992"},{"taxonomy":"post_tag","embeddable":true,"href":"https:\/\/www.europesays.com\/ee\/wp-json\/wp\/v2\/tags?post=255992"}],"curies":[{"name":"wp","href":"https:\/\/api.w.org\/{rel}","templated":true}]}}