{"id":255998,"date":"2026-08-19T14:27:14","date_gmt":"2026-08-19T14:27:14","guid":{"rendered":"https:\/\/www.europesays.com\/ee\/255998\/"},"modified":"2026-08-19T14:27:14","modified_gmt":"2026-08-19T14:27:14","slug":"tartu-hoiu-laenuuhistule-esitatud-noudeavalduste-summa-kuundib-66-miljonini-majandus","status":"publish","type":"post","link":"https:\/\/www.europesays.com\/ee\/255998\/","title":{"rendered":"Tartu hoiu-laenu\u00fchistule esitatud n\u00f5udeavalduste summa k\u00fc\u00fcndib 66 miljonini | Majandus"},"content":{"rendered":"<p>Tartu hoiu-laenu\u00fchistu pankrotimenetluses laekus t\u00e4htajaks umbes 1800 n\u00f5udeavaldust kogusummas 66 miljonit eurot, kuid pankrotihaldur Tarmo Petersoni s\u00f5nul tilgub n\u00f5udeid tegelikult j\u00e4rjest juurde ja kokkuv\u00f5ttes kasvab see summa ilmselt m\u00e4rksa suuremaks.<\/p>\n<p>Tartu hoiu-laenu\u00fchistu pankrotimenetluses oli t\u00e4htaeg n\u00f5udeavalduste esitamiseks 17. augustil. Avaldusi laekus umbes 1800 ja nende summa oli kokku 66 miljonit eurot.<\/p>\n<p>Pankrotihaldur Tarmo Peterson \u00fctles ERR-ile, et l\u00f5plikke j\u00e4reldusi selleks kuup\u00e4evaks esitatud n\u00f5udeavalduste hulga ja summa kohta teha ei saa, arvestades, et paljud avaldused on esitatud m\u00f5ni Tartu hoiu-laenu\u00fchistu t\u00fctar\u00fchingu vastu ja neid selles pankrotimenetluses ei tunnustata.<\/p>\n<p>&#8220;Nii et sellest numbrist ei maksa hetkel veel mingisuguseid l\u00f5plikke j\u00e4reldusi teha,&#8221; t\u00f5des Peterson. <\/p>\n<p>Pankrotihalduritel on seaduse j\u00e4rgi 30 p\u00e4eva, et panna kokku esialgne v\u00f5lausaldajate nimekiri. Kui see valmis saab, on v\u00f5lausaldajatel omakorda 30 p\u00e4eva aega, et esitada vastuv\u00e4iteid teiste v\u00f5lausaldajate n\u00f5uetele ning ka haldurid saavad esitada oma vastuv\u00e4ited.<\/p>\n<p>&#8220;Kui see vastuv\u00e4idete t\u00e4htaeg on m\u00f6\u00f6das, siis j\u00e4rgneb omakorda t\u00e4htaeg 30 p\u00e4eva, et v\u00f5lausaldajad, kes said vastuv\u00e4ited, saaksid nendele vastuv\u00e4idetele vastata ja alles p\u00e4rast seda on halduritel omakorda aega veel kokku panna kohtule l\u00f5plik n\u00f5uete nimekiri,&#8221; selgitas pankrotihaldur protsessi aegan\u00f5udvust.<\/p>\n<p>Isegi juhul, kui menetlus kulgeb ideaalselt, j\u00f5utakse kohtule l\u00f5pliku nimekirja esitamiseni Petersoni hinnangul detsembris.<\/p>\n<p>&#8220;Reaalsus on t\u00e4na see, et vaadates n\u00f5udeavalduste hulka, ei ole seda selle t\u00e4htaja sees tegelikult v\u00f5imalik teostada. Ajakava realistlikult hinnates tuleks t\u00f5deda, et t\u00f5en\u00e4oliselt kusagil 2027 esimeses kvartalis j\u00f5uavad haldurid selleni, et esitada kohtule l\u00f5plik v\u00f5lausate nimekiri,&#8221; lisas ta.<\/p>\n<p>Arvestada tuleb Petersoni s\u00f5nul sedagi, et kuni l\u00f5pliku nimekirja kohtule esitamiseni on v\u00f5imalik n\u00f5udeavaldusi edasi esitada.<\/p>\n<p>&#8220;Vaadates n\u00f5udeavalduste hulka tuleb t\u00f5deda, et arvestatav osa hoiustajatest on oma n\u00f5uded j\u00e4tnud hetkel veel esitamata, sest hoiustajate hulk on tegelikult ikka oluliselt suurem,&#8221; lausus pankrotihaldur. &#8220;Nii et v\u00f5ib arvata ja eeldada, et n\u00f5udeavaldusi laekub veel t\u00e4iendavalt juurde.&#8221;<\/p>\n<p>Peterson t\u00f5i v\u00e4lja, et hoiustajaid oli Tartu hoiu-laenu\u00fchistul veidi alla 3000 ja liikmeid umbes 4000.<\/p>\n<p>Probleemiks on seegi, et paljud inimesed ei oska n\u00f5udeavaldust esitada ja Petersoni s\u00f5nul on teine pankrotihaldur Toomas Saarma tegelenud p\u00e4evade kaupa inimeste telefonitsi aitamisega.<\/p>\n<p>Varem on meediast l\u00e4bi k\u00e4inud hinnang, et n\u00f5uetest on lootust rahuldada umbes kolmandik, kuid Peterson \u00fctles, et alles menetlus n\u00e4itab, kas seda on v\u00f5imalik saavutada.<\/p>\n<p>&#8220;Seis ei ole p\u00e4rast esimest v\u00f5lalusaldajate koosolekut muutunud, mingisugust t\u00e4iendavat kullapada kusagilt leitud ei ole. Pigem need asjaolud, mis on ilmnenud veel t\u00e4iendavalt, suunavad selles suunas, et seda hinnangut konservatiivsemalt korrigeerida,&#8221; t\u00f5des Peterson. &#8220;Nii et midagi positiivset hoiustajate jaoks selles osas ilmnenud ei ole.&#8221;<\/p>\n<p>Kohus kuulutas Tartu hoiu-laenu\u00fchistu pankroti v\u00e4lja 17. juunil ning leidis, et \u00fchistu majandustegevuses esinesid p\u00fcramiidskeemi tunnused.<\/p>\n","protected":false},"excerpt":{"rendered":"Tartu hoiu-laenu\u00fchistu pankrotimenetluses laekus t\u00e4htajaks umbes 1800 n\u00f5udeavaldust kogusummas 66 miljonit eurot, kuid pankrotihaldur Tarmo Petersoni s\u00f5nul tilgub&hellip;\n","protected":false},"author":2,"featured_media":255999,"comment_status":"","ping_status":"","sticky":false,"template":"","format":"standard","meta":{"footnotes":"","_share_on_mastodon":"0"},"categories":[14],"tags":[131,130,37,33,35,34,36,7185,37689,3718],"class_list":["post-255998","post","type-post","status-publish","format-standard","has-post-thumbnail","category-ari","tag-ari","tag-business","tag-ee","tag-eesti","tag-eesti-keel","tag-estonia","tag-estonian","tag-pankrot","tag-pankrotihaldur","tag-tartu-hoiu-laenuuhistu"],"share_on_mastodon":{"url":"https:\/\/pubeurope.com\/@ee\/117122645762189992","error":""},"_links":{"self":[{"href":"https:\/\/www.europesays.com\/ee\/wp-json\/wp\/v2\/posts\/255998","targetHints":{"allow":["GET"]}}],"collection":[{"href":"https:\/\/www.europesays.com\/ee\/wp-json\/wp\/v2\/posts"}],"about":[{"href":"https:\/\/www.europesays.com\/ee\/wp-json\/wp\/v2\/types\/post"}],"author":[{"embeddable":true,"href":"https:\/\/www.europesays.com\/ee\/wp-json\/wp\/v2\/users\/2"}],"replies":[{"embeddable":true,"href":"https:\/\/www.europesays.com\/ee\/wp-json\/wp\/v2\/comments?post=255998"}],"version-history":[{"count":0,"href":"https:\/\/www.europesays.com\/ee\/wp-json\/wp\/v2\/posts\/255998\/revisions"}],"wp:featuredmedia":[{"embeddable":true,"href":"https:\/\/www.europesays.com\/ee\/wp-json\/wp\/v2\/media\/255999"}],"wp:attachment":[{"href":"https:\/\/www.europesays.com\/ee\/wp-json\/wp\/v2\/media?parent=255998"}],"wp:term":[{"taxonomy":"category","embeddable":true,"href":"https:\/\/www.europesays.com\/ee\/wp-json\/wp\/v2\/categories?post=255998"},{"taxonomy":"post_tag","embeddable":true,"href":"https:\/\/www.europesays.com\/ee\/wp-json\/wp\/v2\/tags?post=255998"}],"curies":[{"name":"wp","href":"https:\/\/api.w.org\/{rel}","templated":true}]}}