{"id":256018,"date":"2026-08-19T15:00:20","date_gmt":"2026-08-19T15:00:20","guid":{"rendered":"https:\/\/www.europesays.com\/ee\/256018\/"},"modified":"2026-08-19T15:00:20","modified_gmt":"2026-08-19T15:00:20","slug":"vagev-nomme-kalju-endine-rundaja-promise-david-liitus-inglismaa-tippklubiga-postimees-sport","status":"publish","type":"post","link":"https:\/\/www.europesays.com\/ee\/256018\/","title":{"rendered":"V\u00c4GEV! N\u00f5mme Kalju endine r\u00fcndaja Promise David liitus Inglismaa tippklubiga &#8211; Postimees Sport"},"content":{"rendered":"<ol>\n<li><a href=\"https:\/\/news.google.com\/rss\/articles\/CBMirwFBVV95cUxQTTJlZi11VFdhVHljYlJkdWJIM3ZSWXZuY0hnOW8yal8tMjVWc1I1UTNmbTRFcE16aVIzQlpSSklrZ1d4dU05Nkl4R0pWTmJtY3dRclM2RGRuazlVbm1fb25qeDg1UVVSclZIM0otNW9VRUwtQ253VGZfZWFDeGVPQ0VJeXNJX1lhWTZMRmJFYWJUcl9WNkRNendDYWtEUjJQbE5MM3ZlZThTTWZKbzg4?oc=5\" target=\"_blank\" rel=\"nofollow noopener\">V\u00c4GEV! N\u00f5mme Kalju endine r\u00fcndaja Promise David liitus Inglismaa tippklubiga<\/a>&nbsp;&nbsp;Postimees Sport<\/li>\n<li><a href=\"https:\/\/news.google.com\/rss\/articles\/CBMi5gFBVV95cUxQZzVTUUc2M0pQbWdOM2NqZmhob3FTOFhScTM0RTVBX1lTMG55VU1kN1NuZ055TWRIQUl6VVZfTU5jX1R1NnBULVAyTWFoSFdVMlpCdVRVVW9pdVNRVHpmaUYwRUYwV05uVUN1cE1haUdxVzg5LWZrQWRrZGV5NHFLREFrVlFxckd0N2g2UXNzNjJSdXptOWtuZXdOYm1xd181My1haktvNEVsdnJHVW5QNXZRRVhIWnV4OXgwNXZTSnRFYnNYR0tpUUJXdTVQdGRGU0JqZzRRaDJYbU1Td1ZIbjZ6eFctQQ?oc=5\" target=\"_blank\" rel=\"nofollow noopener\">Rekordilise rahas\u00fcsti ootuses: Promise Davidi j\u00e4rgmise suve m\u00fc\u00fck v\u00f5ib N\u00f5mme Kaljule tuua kuni 5 miljonit eurot<\/a>&nbsp;&nbsp;Delfi Sport<\/li>\n<li><a href=\"https:\/\/news.google.com\/rss\/articles\/CBMiigFBVV95cUxQNVUwQ1ZGWUYzU0hRYVVHZTZrVDNsVmJic1Z6a2huRVQ1Q3phdkVwNVV4QWtRM3RHT0NrSkZoay1VV2hwWm9ESlhDZjYtNjU3eW1FYmdXcDQ1b2FLd2IyUnI3VXZzQmdCSWtyaTd1UEY1bllLcWlOTG1rT294MDIzVV9qbFllXzlYanc?oc=5\" target=\"_blank\" rel=\"nofollow noopener\">Ametlik: Promise David liitus Premier League&#8217;i klubiga!<\/a>&nbsp;&nbsp;Soccernet.ee<\/li>\n<li><a href=\"https:\/\/news.google.com\/rss\/articles\/CBMi9gFBVV95cUxNdTE5TVg0V0t2cG02akFfYnlkYXVXS0dFd2oxcU1DQ24xak0yZlpBbFlPWnphVVVkektTOUp2MGR6VGlPejlTdEpYeUhNVDVSQlBlYlBGaEZBOGpPZ1FQam5vWXExR295M1VsdWlBWFlPZmpENjNiRlRRaFhsaWE3YkZfT1hZdG1XNU4wQ3F5a0JKc0RuMjl2dWtYajc1dXRCOU1lT194SVdTMWgzS0pJY3VLSF9weXl2c0J1Q1VqYVJPaEhKZ1M0dC05ZjRpSnFsZzNITExqMk53T0hwQ29OTlFyU0dlTEhqVC0xb0huNDZ6ZWJtN2c?oc=5\" target=\"_blank\" rel=\"nofollow noopener\">Kuno Tehva endise Kalju m\u00e4ngija suurest \u00fcleminekust: k\u00f5igile meeldib raha lugeda, aga mulle meeldib keskenduda t\u00f6\u00f6le, mida teeme<\/a>&nbsp;&nbsp;\u00d5htuleht<\/li>\n<li><a href=\"https:\/\/news.google.com\/rss\/articles\/CBMi0wFBVV95cUxNZ3ppZDhxWGJDcE5EYVFKbjF6OENkTUZBNU9JOUxyLXVnWWUyWV9seHNSVzNZdnp6azBrVk1Rak9yeFZoZDZNTjFqREN0X1JyZF93ZUtCc09nVkNnTU1Jc04xaGlGNGR1Vno4OUx5S2Vxdzc4QmVhbkhiWHVwVk80dGUxem1zeWdPQXpoTU5jNDI4Q2cxVkJzOWF2MzZLUW9SNHRsdUEzLWplcGVLWEVYaV9uWlh1aW1PN25XOWVmWDBPeE44dHFfS0o4MzVrSnc3UFQ0?oc=5\" target=\"_blank\" rel=\"nofollow noopener\">Tehva Promise&#8217;i siirdumisest Premier League&#8217;i: oluline pole raha, vaid kuvand, mille Eesti jalgpall sellest saab<\/a>&nbsp;&nbsp;Soccernet.ee<\/li>\n<\/ol>\n","protected":false},"excerpt":{"rendered":"V\u00c4GEV! N\u00f5mme Kalju endine r\u00fcndaja Promise David liitus Inglismaa tippklubiga&nbsp;&nbsp;Postimees Sport Rekordilise rahas\u00fcsti ootuses: Promise Davidi j\u00e4rgmise suve&hellip;\n","protected":false},"author":2,"featured_media":256019,"comment_status":"","ping_status":"","sticky":false,"template":"","format":"standard","meta":{"footnotes":"","_share_on_mastodon":"0"},"categories":[18],"tags":[17098,37,33,35,34,36,1359,808,6565,159,158],"class_list":["post-256018","post","type-post","status-publish","format-standard","has-post-thumbnail","category-sport","tag-brighton-hove-albion","tag-ee","tag-eesti","tag-eesti-keel","tag-estonia","tag-estonian","tag-nomme-kalju","tag-premier-league","tag-promise-david","tag-sport","tag-sports"],"share_on_mastodon":{"url":"https:\/\/pubeurope.com\/@ee\/117122776140302940","error":""},"_links":{"self":[{"href":"https:\/\/www.europesays.com\/ee\/wp-json\/wp\/v2\/posts\/256018","targetHints":{"allow":["GET"]}}],"collection":[{"href":"https:\/\/www.europesays.com\/ee\/wp-json\/wp\/v2\/posts"}],"about":[{"href":"https:\/\/www.europesays.com\/ee\/wp-json\/wp\/v2\/types\/post"}],"author":[{"embeddable":true,"href":"https:\/\/www.europesays.com\/ee\/wp-json\/wp\/v2\/users\/2"}],"replies":[{"embeddable":true,"href":"https:\/\/www.europesays.com\/ee\/wp-json\/wp\/v2\/comments?post=256018"}],"version-history":[{"count":0,"href":"https:\/\/www.europesays.com\/ee\/wp-json\/wp\/v2\/posts\/256018\/revisions"}],"wp:featuredmedia":[{"embeddable":true,"href":"https:\/\/www.europesays.com\/ee\/wp-json\/wp\/v2\/media\/256019"}],"wp:attachment":[{"href":"https:\/\/www.europesays.com\/ee\/wp-json\/wp\/v2\/media?parent=256018"}],"wp:term":[{"taxonomy":"category","embeddable":true,"href":"https:\/\/www.europesays.com\/ee\/wp-json\/wp\/v2\/categories?post=256018"},{"taxonomy":"post_tag","embeddable":true,"href":"https:\/\/www.europesays.com\/ee\/wp-json\/wp\/v2\/tags?post=256018"}],"curies":[{"name":"wp","href":"https:\/\/api.w.org\/{rel}","templated":true}]}}