{"id":256116,"date":"2026-08-19T16:50:12","date_gmt":"2026-08-19T16:50:12","guid":{"rendered":"https:\/\/www.europesays.com\/ee\/256116\/"},"modified":"2026-08-19T16:50:12","modified_gmt":"2026-08-19T16:50:12","slug":"ibu-ei-luba-venemaa-laskesuusatajaid-mk-sarja-tagasi-endine-sportlane-seal-on-nii-palju-russofoobe","status":"publish","type":"post","link":"https:\/\/www.europesays.com\/ee\/256116\/","title":{"rendered":"IBU ei luba Venemaa laskesuusatajaid MK-sarja tagasi. Endine sportlane: seal on nii palju russofoobe"},"content":{"rendered":"<p>Venemaa meedia reaktsioonid on olnud teravad, kui selgus, et IBU ei kavatse kuu aja p\u00e4rast Saksamaal Berchtesgadenis toimuval kongressil Venemaa ja Valgevene sportlaste k\u00fcsimust isegi arutlusele v\u00f5tta.<\/p>\n<p>IBU juhatuse norralasest liige Tore B\u00f8ygard kinnitas NRK-le, et Venemaa meedias avaldatud info vastab t\u00f5ele. \u201eJuhatusel ei ole plaanis lubada tagasi ei Venemaa ega Valgevene sportlasi,\u201c \u00fctles B\u00f8ygard.<\/p>\n<p>Kas teema tuleb kongressil arutusele? \u201eEi. Me lihtsalt informeerime kongressi, et j\u00e4\u00e4me 2022. aastal tehtud otsuse juurde hoida nad v\u00f5istlustelt eemal.\u201c<\/p>\n<p>Kui ROK t\u00fchistas suvel Venemaa ol\u00fcmpiakomitee ajutise peatamise, teatas rahvusvaheline suusaliit FIS, et hindab edasisi samme, et m\u00e4\u00e4rata kindlaks tingimused, mille alusel Venemaa v\u00f5i Valgevene spordikodakondsusega sportlased v\u00f5iksid FIS-i v\u00f5istlustel osaleda.<\/p>\n<p>\u201eRussofoobe on nii palju\u201c<\/p>\n<p>Venemaa poliitik ja endine kiiruisutaja Svetlana \u017durova leiab, et IBU kasutab oma reegleid venelaste eemal hoidmiseks. \u201eSee on t\u00e4iesti arusaamatu. Nad viitavad laskesuusatamise enda reeglitele ja sellele, et seal ei ole m\u00f5istet \u201eneutraalne sportlane\u201c. V\u00e4ga mugav neile!\u201c \u00fctles \u017durova riiklikule uudisteagentuurile RIA.<\/p>\n<p>\u201eSelline k\u00e4itumine on talialade f\u00f6deratsioonidele v\u00e4ga t\u00fc\u00fcpiline. Nad k\u00f5ik matkivad \u00fcksteist ja r\u00e4\u00e4givad sama juttu. Ja kui nad kellegi \u00fcldse tagasi lubavad, siis v\u00e4ga valikuliselt. Probleem on selles, et tegemist on Euroopa lobiga, sest peaaegu k\u00f5ik rahvusvahelised v\u00f5istlused toimuvad Euroopas. Nad teevad k\u00f5ik, et meie teele kaikaid kodaratesse loopida,\u201c j\u00e4tkas ta.<\/p>\n<p>Endine laskesuusataja Dmitri Vassiljev reageeris veelgi teravamalt. \u201eSeal on nii palju russofoobe, et midagi muud polnudki oodata,\u201c \u00fctles ta riiklikule uudisteagentuurile TASS. \u201eRussofoob\u201c on Venemaa poliitikute ja \u00fchiskonnategelaste seas laialt kasutatav v\u00e4ljend, millega viidatakse v\u00e4idetavale venelaste vihkamisele.<\/p>\n<p>Venemaa laskesuusatamise kommentaator Dmitri Gubernijev ei ole IBU otsusest samuti \u00fcllatunud. \u201ePole m\u00f5tet oodata. Meie laskesuusatajad on viimased, kes tagasi p\u00e4\u00e4sevad. Seega peame lihtsalt rahulikult v\u00f5tma ja korraldama v\u00f5istlusi riigisiseselt, samal ajal kohtud m\u00e4ngu tooma ja IBU paljastama,\u201c \u00fctles Gubernijev Match TV-le.<\/p>\n<p>Venemaa kaebas IBU otsuse edasi spordi rahvusvahelisse arbitraa\u017eikohtusse CAS. Kaebus esitati 2025. aasta detsembris, kuid otsust pole siiani tehtud.<\/p>\n<p>Kuidas see lugu Sind end tundma pani?Saada<a href=\"https:\/\/sport.delfi.ee\/artikkel\/120604912\/ibu-ei-luba-venemaa-laskesuusatajaid-mk-sarja-tagasi-endine-sportlane-seal-on-nii-palju-russofoobe\/kommentaarid\" class=\"button button--primary button--size-auto article-body-bottom__comment article-body-bottom__comment--write\" style=\"\" rel=\"nofollow noopener\" target=\"_blank\">Kommenteeri<\/a><a href=\"https:\/\/sport.delfi.ee\/artikkel\/120604912\/ibu-ei-luba-venemaa-laskesuusatajaid-mk-sarja-tagasi-endine-sportlane-seal-on-nii-palju-russofoobe\/kommentaarid\" class=\"button button--size-auto article-body-bottom__comment article-body-bottom__comment--read\" style=\"\" rel=\"nofollow noopener\" target=\"_blank\">Loe kommentaare (3)<\/a><\/p>\n","protected":false},"excerpt":{"rendered":"Venemaa meedia reaktsioonid on olnud teravad, kui selgus, et IBU ei kavatse kuu aja p\u00e4rast Saksamaal Berchtesgadenis toimuval&hellip;\n","protected":false},"author":2,"featured_media":256117,"comment_status":"","ping_status":"","sticky":false,"template":"","format":"standard","meta":{"footnotes":"","_share_on_mastodon":"0"},"categories":[18],"tags":[37,33,35,34,36,2096,159,158],"class_list":["post-256116","post","type-post","status-publish","format-standard","has-post-thumbnail","category-sport","tag-ee","tag-eesti","tag-eesti-keel","tag-estonia","tag-estonian","tag-ibu","tag-sport","tag-sports"],"share_on_mastodon":{"url":"https:\/\/pubeurope.com\/@ee\/117123208758624060","error":""},"_links":{"self":[{"href":"https:\/\/www.europesays.com\/ee\/wp-json\/wp\/v2\/posts\/256116","targetHints":{"allow":["GET"]}}],"collection":[{"href":"https:\/\/www.europesays.com\/ee\/wp-json\/wp\/v2\/posts"}],"about":[{"href":"https:\/\/www.europesays.com\/ee\/wp-json\/wp\/v2\/types\/post"}],"author":[{"embeddable":true,"href":"https:\/\/www.europesays.com\/ee\/wp-json\/wp\/v2\/users\/2"}],"replies":[{"embeddable":true,"href":"https:\/\/www.europesays.com\/ee\/wp-json\/wp\/v2\/comments?post=256116"}],"version-history":[{"count":0,"href":"https:\/\/www.europesays.com\/ee\/wp-json\/wp\/v2\/posts\/256116\/revisions"}],"wp:featuredmedia":[{"embeddable":true,"href":"https:\/\/www.europesays.com\/ee\/wp-json\/wp\/v2\/media\/256117"}],"wp:attachment":[{"href":"https:\/\/www.europesays.com\/ee\/wp-json\/wp\/v2\/media?parent=256116"}],"wp:term":[{"taxonomy":"category","embeddable":true,"href":"https:\/\/www.europesays.com\/ee\/wp-json\/wp\/v2\/categories?post=256116"},{"taxonomy":"post_tag","embeddable":true,"href":"https:\/\/www.europesays.com\/ee\/wp-json\/wp\/v2\/tags?post=256116"}],"curies":[{"name":"wp","href":"https:\/\/api.w.org\/{rel}","templated":true}]}}