{"id":256180,"date":"2026-08-19T18:26:11","date_gmt":"2026-08-19T18:26:11","guid":{"rendered":"https:\/\/www.europesays.com\/ee\/256180\/"},"modified":"2026-08-19T18:26:11","modified_gmt":"2026-08-19T18:26:11","slug":"aurora-ruus-kodus-voi-voorsil-muusika","status":"publish","type":"post","link":"https:\/\/www.europesays.com\/ee\/256180\/","title":{"rendered":"Aurora Ruus: kodus v\u00f5i v\u00f5\u00f5rsil | Muusika"},"content":{"rendered":"<p>Isegi nende muusikute puhul, kellele Eesti p\u00e4ritolu on oluline identiteedi osa, ei t\u00e4henda see veel soovi siin elada ja tegutseda, kirjutab Aurora Ruus <a href=\"https:\/\/www.sirp.ee\/kodus-voi-voorsil\/\" rel=\"nofollow noopener\" target=\"_blank\">Sirbis<\/a>.<\/p>\n<p>Viimasel ajal ajakirjanduses palju k\u00f5lapinda leidnud rahvusooperi Estonia \u00fcmber k\u00e4iv vastuokslik poleemika on siiski mingil moel t\u00e4nu- ja t\u00e4helepanuv\u00e4\u00e4rselt pinnale toonud eesti muusikakultuuri mitu murekohta. Kuigi \u00fchest k\u00fcljest paistab olevat tegu \u00fche institutsiooni spetsiifiliste probleemidega, kumab sellest l\u00e4bi veel mitu suuremat ning p\u00f5hjapanevamat k\u00fcsimust. Nimelt: miks valivad paljud meie muusikud \u2013olgu heliloojad, dirigendid v\u00f5i interpreedid \u2013 karj\u00e4\u00e4ri v\u00f5\u00f5rsil, mitte kodumail, ning miks nad p\u00e4rast \u00f5pinguid v\u00f5i eneseteostust Eestisse ei naase? Kui j\u00e4tta k\u00f5rvale v\u00f5rreldamatu palk, kerkib ikkagi k\u00fcsimus: mis on siin valesti?<\/p>\n<p>Hiljuti kirjutas dirigent Ingrit Malleus1\u00a0eesti muusikakultuuri institutsionaalsest korraldusest ning t\u00f6\u00f6- ja organisatsioonikultuurist, mille areng on justkui seiskunud. Kes, kus ja mille alusel valib t\u00f6\u00f6le spetsialiste; kas konkursid on avalikud (v\u00f5i isegi kui formaalselt on, siis kas on seda ka p\u00e4riselt); millised on \u00fcldse t\u00f6\u00f6lepingud ning millist rolli m\u00e4ngib selles k\u00f5iges meie niigi v\u00e4ikeses konnatiigis vohav onupojapoliitika? Kelle \u00f5pilane oled olnud, kelle sugulane v\u00f5i tuttav, kas oled \u00fches v\u00f5i teises &#8220;leeris&#8221;, m\u00f5ne otsustaja arvates &#8220;heas&#8221; v\u00f5i &#8220;halvas&#8221; nimekirjas \u2013 liiga sageli on miski kuskil kuidagi kahtlane. P\u00f5hiline on see, et l\u00e4bipaistvust napib. Ja see on probleem. \u00dchtlasi on see \u00fcks p\u00f5hilisi p\u00f5hjusi, miks andekaid ja ambitsioonikaid muusikuid tagasi Eestisse ei t\u00f5mba v\u00f5i mis nad siit \u00fcldse eemale viib.2<\/p>\n<p>Seejuures on kogu k\u00f5nealuse poleemika juures kahetsusv\u00e4\u00e4rselt sageli silma ja k\u00f5rva j\u00e4\u00e4nud, et muusikutest r\u00e4\u00e4gitakse nagu mingitest erivajadustega inimestest stiilis &#8220;nad ongi v\u00e4ga tundlikud natuurid&#8221; v\u00f5i &#8220;\u00fcleni kunstile p\u00fchendunud&#8221; ning seega reaalsusest ja selle probleemidest justkui irdunud. Sageli teevad seda ka samad inimesed, kes neid muusikuid ja institutsioone juhivad. K\u00fcll on muusikud bravuuritarid ja primadonnad, elitistid ja kodumaareetjad v\u00f5i lihtsalt silmaklappidega kunstnik-geeniused, kes ei adu \u00fcmbritsevat maailma v\u00e4ljaspool kunsti ja muusikat. Kuidas k\u00fcll? Aastal 2026? T\u00f5tt-\u00f6elda on lausa solvav, et meie tugeva sotsiaalse n\u00e4rviga muusikutest r\u00e4\u00e4gitakse moel, mis taandab nende aastak\u00fcmneid kestnud eneseteostuse pelgalt muusikale kui v\u00e4ga &#8220;k\u00f5rgele&#8221; kunstivormile. Nagu neil puuduks arusaam muusikakultuuri toimimisest selle k\u00f5igis aspektides alates haridusest, kontserdikorraldusest, n\u00fc\u00fcdisaegsetest v\u00e4\u00e4rtushinnangutest ja ajakohasest t\u00f6\u00f6kultuurist. Polegi ime, et paljud andekad otsustavad end teostada v\u00f5\u00f5rsil, kus on juba aastaid t\u00e4helepanu p\u00f6\u00f6ratud probleemidele v\u00f5i uuendusvajadustele, mis meie muusikaelus alles n\u00fc\u00fcd vaikselt pinnale ulbivad.<\/p>\n<p>Loomulikult on siin palju n-\u00f6 pragmaatilisi argumente ning asjaolusid, mis tulenevad kas\u00a0v\u00f5i meie v\u00e4ikesest rahvaarvust ning ajaloost \u2013 neid ei hakkagi siinkohal lahkama. K\u00fcll aga ei peaks v\u00e4iksusega kaasas k\u00e4ima v\u00e4iklus. Pealekauba ei saa unustada, et needsamad otsustajad ja juhid on ise samamoodi sageli just interpreedi haridusega \u2013 k\u00fcll l\u00e4binud m\u00f5ne juhtimiskoolituse, ent siiski. Kuid kas juhi roll annab t\u00f5esti sellise voli ja legitiimsuse, mis t\u00f5stab ametivendadest ka kuidagi moraalselt k\u00f5rgemale? Seda enam et eesti muusikakultuuri juhid pole kuigiv\u00f5rd altid roteeruma. K\u00fcll pikendatakse t\u00f6\u00f6lepinguid ilma avaliku konkursita v\u00f5i lihtsalt j\u00e4\u00e4dakse oma soojale ja privilegeeritud kohale ilmselgelt liiga kauaks. Loomulikult saab siin v\u00e4ita ja p\u00f5hjendada, et s\u00fcsteem v\u00f5i organisatsioon ju ometigi funktsioneerib. Ent kas see t\u00e4hendab, et ka areneb? Areneb p\u00e4riselt nii sisus kui\u00a0ka vormis paremaks ja ajakohasemaks? Oma positsioonist ja sellele vastavast palgast (ka valdkonna rahastus on mh v\u00f5rdlemisi kitsa ringi k\u00e4es) hoitakse ehk liiga agaralt kinni ega vaeta isegi probleemide korral varianti end taandada.3\u00a0Kui kuskil on probleem, siis diskrimineeritakse v\u00f5i j\u00e4etakse lausa ametist ilma ikka need, kes selle all kannatavad. V\u00f5i l\u00e4hevad muusikud ise \u00e4ra, kas teise institutsiooni v\u00f5i sootuks v\u00e4lismaale. Kuidas on \u00fcldse v\u00f5imalik, et huvide konflikt ongi selles valdkonnas juba eos normaliseeritud, &#8220;tundlikest natuuridest&#8221; tulenevalt lausa paratamatu?<\/p>\n<p>Sellest, et Eestis siiamaani tituleeritakse eraldi naisinterpreete ja naisheliloojaid, ei hakka siinkohal \u00fcldse r\u00e4\u00e4kimagi. Aga hoidku jumal, kui oled veel ka n\u00e4iteks blond, kv\u00e4\u00e4r, lihtsalt noor v\u00f5i \u00f5bluke. Siis pole enam vahet, kui mainekates \u00fclikoolides oled oma kraadid omandanud v\u00f5i kus v\u00e4lismaal k\u00f5rgetasemelistel meistrikursustel ja konverentsidel k\u00e4inud. Ikka vaadatakse \u00fclevalt alla ning pannakse pidevalt kahtluse alla v\u00f5ime ise m\u00f5elda, anal\u00fc\u00fcsida ja konstruktiivseid lahendusi pakkuda.\u00a0Sapere aude?!<\/p>\n<p>Sestap ongi nii, et isegi nende muusikute puhul, kellele Eesti p\u00e4ritolu on oluline identiteedi osa, ei t\u00e4henda see veel soovi siin elada ja tegutseda. N\u00e4iteks Eesti muusika p\u00e4evadel t\u00f5id sel kevadel vestlusringis &#8220;Vabadus, piirid ja helid. Eesti n\u00fc\u00fcdismuusika teekonnad maailmas&#8221; osalejad korduvalt v\u00e4lja, et Eesti ja v\u00e4lismaa vahel valimise dilemma taandub tihtilugu loomingulise vabaduse k\u00fcsimusele. Eriti n\u00fc\u00fcdismuusika puhul on siin asi \u00fchtaegu \u00fcldises mentaliteedis ja konkreetsetes institutsioonides. Liiatigi on need kaks ka dialoogis v\u00f5i halvemal juhul on tegu surnud ringiga, kus mentaliteet tingib institutsioonid ja institutsioonid tingivad mentaliteedi. Eestis on probleeme m\u00f5lemaga.<\/p>\n<p>Eelnevast tulenevalt ongi v\u00e4ga oluline, millised on meie muusikaelu institutsioonid haridusest kontserdikorralduseni ning milline on nende t\u00f6\u00f6- ja organisatsioonikultuur, kas need on t\u00e4nap\u00e4evaste standarditega koosk\u00f5las ja arenevad pidevalt v\u00f5i sootuks aegunud. Praeguste p\u00e4evakajaliste probleemide foonil igatahes paistab, et t\u00f5elise loomingulise vabaduse, empaatilise suhtumise, mentaliteedimuutuse ja organisatsioonikultuuri nihkeni on veel pikk tee. L\u00f5puks pole ju isegi vahet, kas meie muusikainstitutsioonide v\u00f5i laiemalt muusikaelu imaginaarses m\u00e4ngukavas on klassika v\u00f5i n\u00fc\u00fcdisooper, Wagneri v\u00f5i Reinvere teos, kui v\u00e4ljapoole paistab see kibestunud, konfliktidest ja nepotismist tulvil seebiooperina, kus aetakse vaid vahtu ja vannivesi on kahtlaselt h\u00e4gune. Selleks et pakilised ja olulised probleemid ja muudatusettepanekud saaksid pinnale kerkida, oleks ehk \u00fcldsegi aeg vannivett vahetada.<\/p>\n<p>1 Ingrit Malleus, Eesti muusikakultuur saab olla nii palju innovatiivsem. \u2013 Sirp 24.07.2026.<\/p>\n<p>2 Vt Vilja Kiisler, Gregor Kulla: Eestis tulevad halvad m\u00f5tted v\u00e4ga kergesti. \u2013 Delfi LP 30.07.2026.<\/p>\n<p>3 Vt nt Vilja Kiisler, Ott Maaten: kriisi ei ole. Mina ei tunne juhina, et oleksin midagi valesti teinud. \u2013 Delfi LP 9.07.2026.<\/p>\n","protected":false},"excerpt":{"rendered":"Isegi nende muusikute puhul, kellele Eesti p\u00e4ritolu on oluline identiteedi osa, ei t\u00e4henda see veel soovi siin elada&hellip;\n","protected":false},"author":2,"featured_media":256181,"comment_status":"","ping_status":"","sticky":false,"template":"","format":"standard","meta":{"footnotes":"","_share_on_mastodon":"0"},"categories":[84],"tags":[84176,37,33,35,2649,173,34,36,140,215,144],"class_list":["post-256180","post","type-post","status-publish","format-standard","has-post-thumbnail","category-muusika","tag-aurora-ruus","tag-ee","tag-eesti","tag-eesti-keel","tag-eesti-muusika","tag-entertainment","tag-estonia","tag-estonian","tag-meelelahutus","tag-music","tag-muusika"],"share_on_mastodon":{"url":"https:\/\/pubeurope.com\/@ee\/117123585310920718","error":""},"_links":{"self":[{"href":"https:\/\/www.europesays.com\/ee\/wp-json\/wp\/v2\/posts\/256180","targetHints":{"allow":["GET"]}}],"collection":[{"href":"https:\/\/www.europesays.com\/ee\/wp-json\/wp\/v2\/posts"}],"about":[{"href":"https:\/\/www.europesays.com\/ee\/wp-json\/wp\/v2\/types\/post"}],"author":[{"embeddable":true,"href":"https:\/\/www.europesays.com\/ee\/wp-json\/wp\/v2\/users\/2"}],"replies":[{"embeddable":true,"href":"https:\/\/www.europesays.com\/ee\/wp-json\/wp\/v2\/comments?post=256180"}],"version-history":[{"count":0,"href":"https:\/\/www.europesays.com\/ee\/wp-json\/wp\/v2\/posts\/256180\/revisions"}],"wp:featuredmedia":[{"embeddable":true,"href":"https:\/\/www.europesays.com\/ee\/wp-json\/wp\/v2\/media\/256181"}],"wp:attachment":[{"href":"https:\/\/www.europesays.com\/ee\/wp-json\/wp\/v2\/media?parent=256180"}],"wp:term":[{"taxonomy":"category","embeddable":true,"href":"https:\/\/www.europesays.com\/ee\/wp-json\/wp\/v2\/categories?post=256180"},{"taxonomy":"post_tag","embeddable":true,"href":"https:\/\/www.europesays.com\/ee\/wp-json\/wp\/v2\/tags?post=256180"}],"curies":[{"name":"wp","href":"https:\/\/api.w.org\/{rel}","templated":true}]}}