{"id":256288,"date":"2026-08-19T21:37:13","date_gmt":"2026-08-19T21:37:13","guid":{"rendered":"https:\/\/www.europesays.com\/ee\/256288\/"},"modified":"2026-08-19T21:37:13","modified_gmt":"2026-08-19T21:37:13","slug":"women-shaping-the-future-konverents-toob-jargmisel-nadalal-tallinna-kokku-rahvusvahelised-naisliidrid","status":"publish","type":"post","link":"https:\/\/www.europesays.com\/ee\/256288\/","title":{"rendered":"Women Shaping the Future konverents toob j\u00e4rgmisel n\u00e4dalal Tallinna kokku rahvusvahelised naisliidrid"},"content":{"rendered":"<p class=\"MsoBodyText\">Osalejaid tuleb Eestist, Jaapanist, L\u00f5una-Aafrikast, \u0160veitsist, Luksemburgist, Soomest, Ameerika \u00dchendriikidest, Araabia \u00dchendemiraatidest ja Austraaliast. Konverentsil keskendutakse j\u00e4rgmistele teemadele:<\/p>\n<ul>\n<li>\n<p>ettev\u00f5tlus ja rahvusvaheline kasv,<\/p>\n<\/li>\n<li>\n<p>juhtimine, vastupidavus ja visioon,<\/p>\n<\/li>\n<li>\n<p>tehisintellekt, innovatsioon ja digitaalareng,<\/p>\n<\/li>\n<li>\n<p>k\u00fcberturvalisus ja digitaalne usaldus,<\/p>\n<\/li>\n<li>\n<p>rahvusvaheline koost\u00f6\u00f6 ja v\u00f5rgustumine.<\/p>\n<\/li>\n<\/ul>\n<p class=\"FirstParagraph\">Programmis astuvad \u00fcles mitmed rahvusvaheliselt tunnustatud eksperdid ja otsustajad, sealhulgas: <\/p>\n<ul>\n<li>\n<p>Eesti justiits- ja digiminister Liisa-Ly Pakosta, <\/p>\n<\/li>\n<li>\n<p>ettev\u00f5tja Anna-Greta Tsahkna, <\/p>\n<\/li>\n<li>\n<p>Tallinna endine abilinnapea Margot Roose, <\/p>\n<\/li>\n<li>\n<p>Osaka \u00dclikooli projektiprofessor Mari Nogami Itoh <\/p>\n<\/li>\n<li>\n<p>ning Dame Tessy Antony de Nassau.<\/p>\n<\/li>\n<\/ul>\n<p class=\"FirstParagraph\">Konverentsi toetab rahvusvaheline partnerite v\u00f5rgustik, mille hulka kuulub ka <a rel=\"noopener nofollow\" target=\"_blank\" href=\"http:\/\/PRNEWS.IO\" data-rel-date-range=\"[]\">PRNEWS.IO<\/a>, \u00fclemaailmne meediaplatvorm, mis \u00fchendab ettev\u00f5tteid ja organisatsioone veebimeediaga \u00fcle kogu maailma. Meediapartnerina aitab <a rel=\"noopener nofollow\" target=\"_blank\" href=\"http:\/\/PRNEWS.IO\" data-rel-date-range=\"[]\">PRNEWS.IO<\/a> suurendada konverentsi rahvusvahelist n\u00e4htavust ning v\u00f5imendada selle olulisemaid uudiseid ja s\u00f5numeid.<\/p>\n<p class=\"MsoBodyText\">Konverents algab 26. augustil tervitus\u00f5htu ja rahvusvahelise networking\u2019u \u00fcritusega J. Poska majas Kadriorus. Konverentsi p\u00f5hiosa toimub 27. augustil M\u00f6venpick Hotel Tallinnas, kus osalejaid ootab t\u00e4ispikk p\u00e4ev arutelude, ettekannete ja v\u00f5rgustumisega.<\/p>\n<p>Tule ja saa osa vestlusest<\/p>\n<p class=\"FirstParagraph\">Women Shaping the Future 2026 on v\u00f5imalus ettev\u00f5tjatele, juhtidele ja professionaalidele, kes soovivad laiendada oma rahvusvahelist v\u00f5rgustikku, leida uusi koost\u00f6\u00f6v\u00f5imalusi ning saada praktilisi teadmisi kiiresti muutuva tehnoloogia- ja \u00e4rikeskkonna kohta.<\/p>\n<p class=\"FirstParagraph\">Saadaval on piletid tervitus\u00f5htule, konverentsip\u00e4evale v\u00f5i m\u00f5lemale.<\/p>\n<p class=\"MsoBodyText\">Across generations. Across nations. Together.<\/p>\n","protected":false},"excerpt":{"rendered":"Osalejaid tuleb Eestist, Jaapanist, L\u00f5una-Aafrikast, \u0160veitsist, Luksemburgist, Soomest, Ameerika \u00dchendriikidest, Araabia \u00dchendemiraatidest ja Austraaliast. Konverentsil keskendutakse j\u00e4rgmistele teemadele:&hellip;\n","protected":false},"author":2,"featured_media":256289,"comment_status":"","ping_status":"","sticky":false,"template":"","format":"standard","meta":{"footnotes":"","_share_on_mastodon":"0"},"categories":[14],"tags":[131,130,37,33,35,41339,92067,34,36,92064,92065,92066,15467,2928,4213],"class_list":["post-256288","post","type-post","status-publish","format-standard","has-post-thumbnail","category-ari","tag-ari","tag-business","tag-ee","tag-eesti","tag-eesti-keel","tag-eesti-naine","tag-elupildid","tag-estonia","tag-estonian","tag-kaanestaar","tag-moe-ja-ilunipid","tag-nostalgialood","tag-retseptid","tag-suhted","tag-vaimne-tervis"],"share_on_mastodon":{"url":"https:\/\/pubeurope.com\/@ee\/117124336718698993","error":""},"_links":{"self":[{"href":"https:\/\/www.europesays.com\/ee\/wp-json\/wp\/v2\/posts\/256288","targetHints":{"allow":["GET"]}}],"collection":[{"href":"https:\/\/www.europesays.com\/ee\/wp-json\/wp\/v2\/posts"}],"about":[{"href":"https:\/\/www.europesays.com\/ee\/wp-json\/wp\/v2\/types\/post"}],"author":[{"embeddable":true,"href":"https:\/\/www.europesays.com\/ee\/wp-json\/wp\/v2\/users\/2"}],"replies":[{"embeddable":true,"href":"https:\/\/www.europesays.com\/ee\/wp-json\/wp\/v2\/comments?post=256288"}],"version-history":[{"count":0,"href":"https:\/\/www.europesays.com\/ee\/wp-json\/wp\/v2\/posts\/256288\/revisions"}],"wp:featuredmedia":[{"embeddable":true,"href":"https:\/\/www.europesays.com\/ee\/wp-json\/wp\/v2\/media\/256289"}],"wp:attachment":[{"href":"https:\/\/www.europesays.com\/ee\/wp-json\/wp\/v2\/media?parent=256288"}],"wp:term":[{"taxonomy":"category","embeddable":true,"href":"https:\/\/www.europesays.com\/ee\/wp-json\/wp\/v2\/categories?post=256288"},{"taxonomy":"post_tag","embeddable":true,"href":"https:\/\/www.europesays.com\/ee\/wp-json\/wp\/v2\/tags?post=256288"}],"curies":[{"name":"wp","href":"https:\/\/api.w.org\/{rel}","templated":true}]}}