{"id":256296,"date":"2026-08-19T21:50:12","date_gmt":"2026-08-19T21:50:12","guid":{"rendered":"https:\/\/www.europesays.com\/ee\/256296\/"},"modified":"2026-08-19T21:50:12","modified_gmt":"2026-08-19T21:50:12","slug":"opilasesinduste-liidu-esimees-koolikohata-opilased-vajavad-selgust-mida-edasi-teha-eesti","status":"publish","type":"post","link":"https:\/\/www.europesays.com\/ee\/256296\/","title":{"rendered":"\u00d5pilasesinduste Liidu esimees: koolikohata \u00f5pilased vajavad selgust, mida edasi teha | Eesti"},"content":{"rendered":"<p>Ligi viiendik Tallinna p\u00f5hikooli l\u00f5petanutest ei tea kaks n\u00e4dalat enne uue \u00f5ppeaasta algust, kuhu nad s\u00fcgisest \u00f5ppima asuvad. \u00d5pilasesinduste Liidu esimehe Karl Erik Kirsi s\u00f5nul vajavad \u00f5pilased, kes siiani koolikohta saanud ei ole, kiiremas korras selgust.<\/p>\n<p>Tallinna haridusameti andmetel on t\u00e4na seisuga pealinnas siiani koolikohata 851 noort.<\/p>\n<p>&#8220;Kahe n\u00e4dala p\u00e4rast algab uus \u00f5ppeaasta ja meie hinnangul see on probleem,&#8221; lausus Tallinna abilinnapea Andrei Kante.<\/p>\n<p>Haridusministri Kristina Kallase hinnangul pole aga need andmed t\u00e4psed, sest paljud vastuv\u00f5etud on suvepuhkuste t\u00f5ttu j\u00e4\u00e4nud hariduse infos\u00fcsteemi kandmata. Lisaks toimuvad ministri s\u00f5nul osades koolides j\u00e4tkuvastuv\u00f5tud, mis l\u00f5ppevad 31. augustil.<\/p>\n<p>&#8220;T\u00f5esti m\u00f5ned koolid on v\u00e4ga viimasele hetkele j\u00e4tnud selle j\u00e4tkuvastuv\u00f5tu. N\u00e4iteks Tallinna Tehnoloogia kolled\u017eis on praegu j\u00e4tkuvastuv\u00f5tt 230 \u00f5ppekohale. Ma arvan, et j\u00e4rgmise kahe n\u00e4dala jooksul selgub tegelikult nende \u00f5pilaste arv, kellel p\u00e4riselt ei ole mitte \u00fchtegi koolikohta. Et t\u00e4na me tegelikult seda veel ei tea, sest j\u00e4tkuvastuv\u00f5tt k\u00e4ib,&#8221; lausus Kallas.<\/p>\n<p>\u00dche v\u00f5imalusena on neile, kes peale p\u00f5hikooli l\u00f5petamist sobivat edasi\u00f5ppimise v\u00f5imalust pole leidnud, loodud ettevalmistav \u00f5pe. Tallinnas on needki kohad juba t\u00e4itunud.<\/p>\n<p>&#8220;Ettevalmistav \u00f5pe pidi olema justkui see h\u00e4dav\u00f5imalus selleks, et oma \u00f5pinguid j\u00e4tkata. Hetkeseisuga kahjuks tuli v\u00e4lja vastupidine olukord ehk siis t\u00e4ideti esmalt ettevalmistavad \u00f5ppekohad,&#8221; \u00fctles Kante.<\/p>\n<p>Kallase s\u00f5nul on Tallinn v\u00f5tnud aga ettevalmistavasse \u00f5ppesse noori, kes pole teistesse koolidesse kandideerinud.<\/p>\n<p>&#8220;Nad ei ole kandideerinud ei kutseharidusse, ei g\u00fcmnaasiumisse, ei kutsekeskharidusse. Kellel v\u00f5ib-olla eesti keel ei ole piisaval tasemel v\u00f5i kelle matemaatikaoskused ei ole piisaval tasemel, neid ei tasu suunata kohe ettevalmistavasse \u00f5ppesse,&#8221; s\u00f5nas Kallas.<\/p>\n<p>\u00d5pilasesinduste Liidu esimees Karl Erik Kirss nendib, et hetkeolukorras on kannatajateks \u00f5pilased, kes j\u00e4tkuvalt ei tea, milline nende igap\u00e4evaelu kahe n\u00e4dala p\u00e4rast v\u00e4lja n\u00e4eb.<\/p>\n<p>&#8220;Paljudel \u00f5pilastel ei olegi enam isegi mitte plaani B, vaid plaan E, sest k\u00f5ik variandid on \u00e4ra kukkunud. Kui l\u00f5puks tuleb teade, et \u00f5ppekoht on olemas, aga see on kuskil koolis, kuhu see \u00f5pilane absoluutselt ei soovinud minna, siis see ei ole tegelikult ju adekvaatne lahendus,&#8221; \u00fctles Kirss.<\/p>\n<p>Kirsi s\u00f5nul vajavad \u00f5ppekohata noored praegu eelk\u00f5ige selget infot, mida edasi teha. Tallinna linn on valmis tegema koost\u00f6\u00f6d haridusministeeriumiga, et luua ettevalmistavaid \u00f5pper\u00fchmi juurde.<\/p>\n<p>&#8220;Parim, mida n\u00fc\u00fcd teha saab, on see, et jagada v\u00f5imalikult kiiresti nendele \u00f5pilastele, kellele \u00f5ppekohta ei saa pakkuda, infot, et mida saab edasi teha. Puudubki arusaamine \u00f5pilase poole pealt v\u00e4hemalt, et kas ma pean ootama riigilt s\u00f5numit, kas ma pean meedias n\u00fc\u00fcd surfama, kas ma pean ootama nendelt koolidelt mingisugust signaali, et mis n\u00fc\u00fcd t\u00e4psemalt edasi saab. \u00d5pilase poole pealt tekib k\u00fcsimus, kelle vastutus see siis l\u00f5puks on,&#8221; s\u00f5nas Kirss.<\/p>\n","protected":false},"excerpt":{"rendered":"Ligi viiendik Tallinna p\u00f5hikooli l\u00f5petanutest ei tea kaks n\u00e4dalat enne uue \u00f5ppeaasta algust, kuhu nad s\u00fcgisest \u00f5ppima asuvad.&hellip;\n","protected":false},"author":2,"featured_media":256297,"comment_status":"","ping_status":"","sticky":false,"template":"","format":"standard","meta":{"footnotes":"","_share_on_mastodon":"0"},"categories":[12],"tags":[21259,26,27,37,33,35,34,36,31,32,2819,21,27946,412,648,28,29,19,7660,4435,25,23,24,22,20,30],"class_list":["post-256296","post","type-post","status-publish","format-standard","has-post-thumbnail","category-eesti","tag-andrei-kante","tag-breaking-news","tag-breakingnews","tag-ee","tag-eesti","tag-eesti-keel","tag-estonia","tag-estonian","tag-featured-news","tag-featurednews","tag-gumnaasium","tag-headlines","tag-karl-erik-kirss","tag-koolikohad","tag-kristina-kallas","tag-latest-news","tag-latestnews","tag-news","tag-opilased","tag-pohikool","tag-populaarseimad-lood","tag-top-stories","tag-topstories","tag-uldised-uudised","tag-uudised","tag-viimased-uudised"],"share_on_mastodon":{"url":"https:\/\/pubeurope.com\/@ee\/117124387579456636","error":""},"_links":{"self":[{"href":"https:\/\/www.europesays.com\/ee\/wp-json\/wp\/v2\/posts\/256296","targetHints":{"allow":["GET"]}}],"collection":[{"href":"https:\/\/www.europesays.com\/ee\/wp-json\/wp\/v2\/posts"}],"about":[{"href":"https:\/\/www.europesays.com\/ee\/wp-json\/wp\/v2\/types\/post"}],"author":[{"embeddable":true,"href":"https:\/\/www.europesays.com\/ee\/wp-json\/wp\/v2\/users\/2"}],"replies":[{"embeddable":true,"href":"https:\/\/www.europesays.com\/ee\/wp-json\/wp\/v2\/comments?post=256296"}],"version-history":[{"count":0,"href":"https:\/\/www.europesays.com\/ee\/wp-json\/wp\/v2\/posts\/256296\/revisions"}],"wp:featuredmedia":[{"embeddable":true,"href":"https:\/\/www.europesays.com\/ee\/wp-json\/wp\/v2\/media\/256297"}],"wp:attachment":[{"href":"https:\/\/www.europesays.com\/ee\/wp-json\/wp\/v2\/media?parent=256296"}],"wp:term":[{"taxonomy":"category","embeddable":true,"href":"https:\/\/www.europesays.com\/ee\/wp-json\/wp\/v2\/categories?post=256296"},{"taxonomy":"post_tag","embeddable":true,"href":"https:\/\/www.europesays.com\/ee\/wp-json\/wp\/v2\/tags?post=256296"}],"curies":[{"name":"wp","href":"https:\/\/api.w.org\/{rel}","templated":true}]}}