{"id":256316,"date":"2026-08-19T23:08:15","date_gmt":"2026-08-19T23:08:15","guid":{"rendered":"https:\/\/www.europesays.com\/ee\/256316\/"},"modified":"2026-08-19T23:08:15","modified_gmt":"2026-08-19T23:08:15","slug":"trump-peatas-kolmeks-paevaks-kanadale-kavandatud-uued-tollimaksud-valismaa","status":"publish","type":"post","link":"https:\/\/www.europesays.com\/ee\/256316\/","title":{"rendered":"Trump peatas kolmeks p\u00e4evaks Kanadale kavandatud uued tollimaksud | V\u00e4lismaa"},"content":{"rendered":"<p>USA president Donald Trump teatas, et l\u00fckkab Kanada kaupadele kavandatud uute tollimaksude kehtestamise kolme p\u00e4eva v\u00f5rra edasi, kuna riigid on kaubandusleppe s\u00f5lmimisele l\u00e4hedal.<\/p>\n<p>&#8220;Peatasin Kanadale kavandatud 50-protsendilised tollimaksud, mis pidid hakkama kehtima homme hommikul, kolmeks p\u00e4evaks, kuna Kanada ja USA on kokkuleppele j\u00f5udnud ning tegelevad veel dokumentide l\u00f5pliku vormistamisega,&#8221; kirjutas Trump sotsiaalmeedias.<\/p>\n<p>Teade tuli v\u00e4hem kui kaks tundi enne seda, kui ligi 20 miljardi dollari (17,1 miljardi euro; 28 miljardi Kanada dollari) v\u00e4\u00e4rtuses Kanada impordile pidi kehtima hakkama 50-protsendine tollimaks.<\/p>\n<p>Riigid on mitmes k\u00fcsimuses ummikseisus, sealhulgas USA autodele kehtestatud tollimaksude ning mitme Kanada provintsi otsuse t\u00f5ttu keelata \u00dchendriikide alkoholi m\u00fc\u00fck.<\/p>\n<p>M\u00f5lema riigi k\u00f5rged kaubandusametnikud kohtusid kolmap\u00e4eva hommikul Washingtonis p\u00e4rast Trumpi otsust tollimaksud edasi l\u00fckata, mis n\u00e4itab, et v\u00f5imalikku kokkulepet puudutavad l\u00e4bir\u00e4\u00e4kimised j\u00e4tkuvad, m\u00e4rkis BBC.<\/p>\n<p>Trump iseloomustas kolmap\u00e4eval ajakirjanikega r\u00e4\u00e4kides v\u00f5imalikku kokkulepet m\u00f5lema riigi jaoks &#8220;v\u00e4ga heana&#8221;.<\/p>\n<p>Tema s\u00f5nul sisaldaks kokkulepe Kanada j\u00e4releandmisi p\u00f5llumajanduse ja tootmise valdkonnas ning teatud USA poolt Kanadale kehtestatud tollimaksude v\u00e4hendamist.<\/p>\n<p>Trump ja Kanada peaminister Mark Carney r\u00e4\u00e4kisid sel n\u00e4dalal kaks korda ning kaubandusl\u00e4bir\u00e4\u00e4kijad on pidanud pingelisi k\u00f5nelusi alates juulist, kui USA president \u00e4hvardas uute tollimaksudega, mille kehtestamise t\u00e4htajaks m\u00e4\u00e4rati 19. august.<\/p>\n<p>Pinged kahe suure kaubanduspartneri vahel on kasvanud p\u00e4rast Trumpi naasmist presidendiametisse eelmise aasta jaanuaris ja tema ulatusliku tollimaksuprogrammi k\u00e4ivitamist, mis p\u00f6\u00f6ras pea peale aastak\u00fcmneid kestnud vabakaubanduse Kanada ja USA vahel.<\/p>\n<p>Trumpi kavandatud tollimaksud oleksid kehtinud mitmesugustele Kanada kaupadele, sealhulgas veinile, piimatoodetele, tsemendile, r\u00f5ivastele ja hokivarustusele.<\/p>\n<p>USA-l juba kehtib tollimaks Kanada terasele ja alumiiniumile, autodele ning puidule.<\/p>\n<p>Kanada on p\u00fc\u00fcdnud saavutada kokkulepet, mille kohaselt USA tollimaksud nendes olulistes sektorites t\u00fchistaks v\u00f5i neid v\u00e4hendaks.<\/p>\n<p>USA on samal ajal n\u00f5udnud Kanadalt mitmeid j\u00e4releandmisi, sealhulgas USA autodele kehtestatud tollimaksude allesj\u00e4\u00e4nud osa t\u00fchistamist ning piimatoodete impordikvootide muutmist, et v\u00f5imaldada USA juustutootjatele suuremat ligip\u00e4\u00e4su Kanada turule.<\/p>\n<p>Samuti on USA n\u00f5udnud, et t\u00fchistataks USA alkoholi m\u00fc\u00fcgi keeld, mille enamik Kanada provintse kehtestas eelmisel aastal vastusena Trumpi tollimaksudele.<\/p>\n","protected":false},"excerpt":{"rendered":"USA president Donald Trump teatas, et l\u00fckkab Kanada kaupadele kavandatud uute tollimaksude kehtestamise kolme p\u00e4eva v\u00f5rra edasi, kuna&hellip;\n","protected":false},"author":2,"featured_media":256317,"comment_status":"","ping_status":"","sticky":false,"template":"","format":"standard","meta":{"footnotes":"","_share_on_mastodon":"0"},"categories":[5],"tags":[26,27,324,37,33,35,34,36,31,32,21,1554,28,29,1555,19,25,4558,6731,23,24,22,325,20,30],"class_list":["post-256316","post","type-post","status-publish","format-standard","has-post-thumbnail","category-uldised-uudised","tag-breaking-news","tag-breakingnews","tag-donald-trump","tag-ee","tag-eesti","tag-eesti-keel","tag-estonia","tag-estonian","tag-featured-news","tag-featurednews","tag-headlines","tag-kanada","tag-latest-news","tag-latestnews","tag-mark-carney","tag-news","tag-populaarseimad-lood","tag-tollid","tag-tollimaks","tag-top-stories","tag-topstories","tag-uldised-uudised","tag-usa","tag-uudised","tag-viimased-uudised"],"share_on_mastodon":{"url":"https:\/\/pubeurope.com\/@ee\/117124694431066388","error":""},"_links":{"self":[{"href":"https:\/\/www.europesays.com\/ee\/wp-json\/wp\/v2\/posts\/256316","targetHints":{"allow":["GET"]}}],"collection":[{"href":"https:\/\/www.europesays.com\/ee\/wp-json\/wp\/v2\/posts"}],"about":[{"href":"https:\/\/www.europesays.com\/ee\/wp-json\/wp\/v2\/types\/post"}],"author":[{"embeddable":true,"href":"https:\/\/www.europesays.com\/ee\/wp-json\/wp\/v2\/users\/2"}],"replies":[{"embeddable":true,"href":"https:\/\/www.europesays.com\/ee\/wp-json\/wp\/v2\/comments?post=256316"}],"version-history":[{"count":0,"href":"https:\/\/www.europesays.com\/ee\/wp-json\/wp\/v2\/posts\/256316\/revisions"}],"wp:featuredmedia":[{"embeddable":true,"href":"https:\/\/www.europesays.com\/ee\/wp-json\/wp\/v2\/media\/256317"}],"wp:attachment":[{"href":"https:\/\/www.europesays.com\/ee\/wp-json\/wp\/v2\/media?parent=256316"}],"wp:term":[{"taxonomy":"category","embeddable":true,"href":"https:\/\/www.europesays.com\/ee\/wp-json\/wp\/v2\/categories?post=256316"},{"taxonomy":"post_tag","embeddable":true,"href":"https:\/\/www.europesays.com\/ee\/wp-json\/wp\/v2\/tags?post=256316"}],"curies":[{"name":"wp","href":"https:\/\/api.w.org\/{rel}","templated":true}]}}