{"id":25634,"date":"2025-10-23T06:55:29","date_gmt":"2025-10-23T06:55:29","guid":{"rendered":"https:\/\/www.europesays.com\/ee\/25634\/"},"modified":"2025-10-23T06:55:29","modified_gmt":"2025-10-23T06:55:29","slug":"keskerakonna-triumf-ida-virumaal-koik-teised-parteid-said-haledalt-luua","status":"publish","type":"post","link":"https:\/\/www.europesays.com\/ee\/25634\/","title":{"rendered":"Keskerakonna triumf Ida-Virumaal: k\u00f5ik teised parteid said haledalt l\u00fc\u00fca"},"content":{"rendered":"<p>  <img decoding=\"async\" src=\"https:\/\/www.europesays.com\/ee\/wp-content\/uploads\/2025\/10\/087c54f8-8dc3-451e-99ee-f383321ef180.jpg\" loading=\"lazy\" alt=\"Kaks kolmest Narva linna volikokku valitud eestlasest: endised linnapead Katri Raik ja Jaan Toots. Valimiste v\u00f5itja, endine keskerakondlane Mihhail Stalnuhhin on teatanud, et koost\u00f6\u00f6st teda \u201ereetnud\u201c Keskerakonna saadikutega ta keeldub.\"\/> <\/p>\n<p>Kaks kolmest Narva linna volikokku valitud eestlasest: endised linnapead Katri Raik ja Jaan Toots. Valimiste v\u00f5itja, endine keskerakondlane Mihhail Stalnuhhin on teatanud, et koost\u00f6\u00f6st teda \u201ereetnud\u201c Keskerakonna saadikutega ta keeldub.<\/p>\n<p>FOTO:  Anni \u00d5nneleid | Delfi Meedia<\/p>\n<p><a rel=\"noopener nofollow\" target=\"_blank\" href=\"https:\/\/www.delfi.ee\/teema\/24779085\/keskerakond\" data-rel-date-range=\"[]\">Keskerakond<\/a> kogus <a rel=\"noopener nofollow\" target=\"_blank\" href=\"https:\/\/www.delfi.ee\/teema\/38727953\/ida-virumaa\" data-rel-date-range=\"[]\">Ida-Virumaa<\/a> h\u00e4\u00e4ltest 36,4%, edestades parteidest 4,1% h\u00e4\u00e4li kogunud ja teiseks j\u00e4\u00e4nud erakonda KOOS kaheksakordselt. <a rel=\"noopener nofollow\" target=\"_blank\" href=\"https:\/\/www.delfi.ee\/teema\/66381646\/ekre\" data-rel-date-range=\"[]\">EKRE<\/a> sai 2,8%, Isamaa 2,4% ja \u00fclej\u00e4\u00e4nud veelgi v\u00e4hem.<\/p>\n","protected":false},"excerpt":{"rendered":"Kaks kolmest Narva linna volikokku valitud eestlasest: endised linnapead Katri Raik ja Jaan Toots. Valimiste v\u00f5itja, endine keskerakondlane&hellip;\n","protected":false},"author":2,"featured_media":25635,"comment_status":"","ping_status":"","sticky":false,"template":"","format":"standard","meta":{"footnotes":"","_share_on_mastodon":"0"},"categories":[12],"tags":[26,27,37,33,35,729,34,36,31,32,21,2522,11884,819,6926,2483,28,29,14021,12331,2521,5873,19,25,2299,23,24,22,13089,20,30,14022],"class_list":["post-25634","post","type-post","status-publish","format-standard","has-post-thumbnail","category-eesti","tag-breaking-news","tag-breakingnews","tag-ee","tag-eesti","tag-eesti-keel","tag-ekre","tag-estonia","tag-estonian","tag-featured-news","tag-featurednews","tag-headlines","tag-ida-virumaa","tag-katri-raik","tag-keskerakond","tag-kohtla-jarve","tag-kov-valimised-2025","tag-latest-news","tag-latestnews","tag-luganuse","tag-mihhail-stalnuhhin","tag-narva","tag-narva-joesuu","tag-news","tag-populaarseimad-lood","tag-sillamae","tag-top-stories","tag-topstories","tag-uldised-uudised","tag-urbo-vaarmann","tag-uudised","tag-viimased-uudised","tag-virve-linder"],"share_on_mastodon":{"url":"https:\/\/pubeurope.com\/@ee\/115422175126760307","error":""},"_links":{"self":[{"href":"https:\/\/www.europesays.com\/ee\/wp-json\/wp\/v2\/posts\/25634","targetHints":{"allow":["GET"]}}],"collection":[{"href":"https:\/\/www.europesays.com\/ee\/wp-json\/wp\/v2\/posts"}],"about":[{"href":"https:\/\/www.europesays.com\/ee\/wp-json\/wp\/v2\/types\/post"}],"author":[{"embeddable":true,"href":"https:\/\/www.europesays.com\/ee\/wp-json\/wp\/v2\/users\/2"}],"replies":[{"embeddable":true,"href":"https:\/\/www.europesays.com\/ee\/wp-json\/wp\/v2\/comments?post=25634"}],"version-history":[{"count":0,"href":"https:\/\/www.europesays.com\/ee\/wp-json\/wp\/v2\/posts\/25634\/revisions"}],"wp:featuredmedia":[{"embeddable":true,"href":"https:\/\/www.europesays.com\/ee\/wp-json\/wp\/v2\/media\/25635"}],"wp:attachment":[{"href":"https:\/\/www.europesays.com\/ee\/wp-json\/wp\/v2\/media?parent=25634"}],"wp:term":[{"taxonomy":"category","embeddable":true,"href":"https:\/\/www.europesays.com\/ee\/wp-json\/wp\/v2\/categories?post=25634"},{"taxonomy":"post_tag","embeddable":true,"href":"https:\/\/www.europesays.com\/ee\/wp-json\/wp\/v2\/tags?post=25634"}],"curies":[{"name":"wp","href":"https:\/\/api.w.org\/{rel}","templated":true}]}}