{"id":256396,"date":"2026-08-20T06:25:12","date_gmt":"2026-08-20T06:25:12","guid":{"rendered":"https:\/\/www.europesays.com\/ee\/256396\/"},"modified":"2026-08-20T06:25:12","modified_gmt":"2026-08-20T06:25:12","slug":"raport-meta-maksab-suunamudijatele-et-need-sotsiaalmeedia-keelu-vastu-voitleksid","status":"publish","type":"post","link":"https:\/\/www.europesays.com\/ee\/256396\/","title":{"rendered":"Raport: Meta maksab suunamudijatele, et need sotsiaalmeedia keelu vastu v\u00f5itleksid"},"content":{"rendered":"<p>TTP v\u00e4idab, et n\u00e4iteks lennutas Meta merevaatega Sydney sadamasse mitmeid suunamudijaid, andis neile skaudim\u00e4rgid ja gurmeesn\u00e4kid ning palus neil oma j\u00e4lgijatele \u00f6elda, et sotsiaalmeedia lauskeeld on halb idee.<\/p>\n<p>Indoneesias palus 1,8 miljoni j\u00e4lgijaga n\u00e4itleja Darius Sinathrya oma f\u00e4nnidel proovida Meta teismelistele m\u00f5eldud turvameetmeid. Sarnaseid n\u00e4iteid v\u00f5ib ka leida Indiast ja Brasiiliast. Valdav osa sellistest postitustest pole selgelt reklaamina m\u00e4rgistatud, vaid sisaldavad \u00e4hmast teemaviidet #instagrampartner.<\/p>\n<p>V\u00e4idetavalt rahastab Meta ka mitmeid noorte turvalisuse eest v\u00f5itlevaid mittetulundus\u00fchinguid, mis omakorda kajastavad sotsiaalmeedia keelu vastaseid jutupunkte, kuid ei tee sageli teatavaks oma rahastaja identiteeti.<\/p>\n<p>Meta turvameetmed ei aita<\/p>\n<p>S\u00f5ltumatud katsetused n\u00e4itavad, et Meta teismeliste kaitsmiseks m\u00f5eldud turvameetmed ei toimi. N\u00e4iteks <a rel=\"noopener follow nofollow\" target=\"_blank\" href=\"https:\/\/www.washingtonpost.com\/technology\/2025\/05\/18\/instagram-teen-accounts-test\/\" data-rel-date-range=\"[]\">j\u00e4reldas<\/a> Washington Post, et Teen Accounts t\u00fc\u00fcpi teismeliste kontod ei kaitse neid kahjuliku sisu eest. Algatus Accountable Tech <a rel=\"noopener follow nofollow\" target=\"_blank\" href=\"https:\/\/accountabletech.org\/research\/scary-feeds-the-reality-of-teen-accounts\/\" data-rel-date-range=\"[]\">leidis<\/a> mullu mais, et Meta pakub teismelistele massiliselt seksuaalset sisu.<\/p>\n<p>Meta s\u00f5nul t\u00f5rjuks sotsiaalmeedia lauskeeld noored ohtlikusse ja reguleerimata tumeveebi. TTP hinnangul t\u00f5estab Meta vajadus palgata eestk\u00f5nelejaid, et br\u00e4ndist on saanud probleem.<\/p>\n<p>Nii Euroopa kui ka USA s\u00f5divad sotsiaalmeedia v\u00f5rgustike s\u00f5ltuvust tekitavate m\u00f5jude vastu ning seet\u00f5ttu on aina enam riike kehtestamas noortele sotsiaalmeedia piiranguid. Ka Eestis k\u00e4ib sarnane arutelu, kuid siinne valitsus lauskeeldu hetkel ei poolda.<\/p>\n<p><a href=\"http:\/\/geenius.delfi.ee\/artikkel\/120444642\/riigikogu-toetusruhm-liigub-noorte-sotsiaalmeedia-keeluga-edasi-pakosta-valitsuse-seisukoht-pole-muutunud#dalrel-in-article\" class=\"content-embedded-articles-double__embedded-article\" data-v-a517420a=\"\" rel=\"nofollow noopener\" target=\"_blank\"><\/p>\n<p>13.02.2026<\/p>\n<p>Riigikogu toetusr\u00fchm liigub noorte sotsiaalmeedia keeluga edasi. Pakosta: valitsuse seisukoht pole muutunud<\/p>\n<p><\/a><a href=\"http:\/\/geenius.delfi.ee\/artikkel\/120601340\/maailma-esimene-sotsiaalmeedia-keeld-kukkus-labi-ule-80-teismelistest-vilistab-piirangutele#dalrel-in-article\" class=\"content-embedded-articles-double__embedded-article\" data-v-a517420a=\"\" rel=\"nofollow noopener\" target=\"_blank\"><\/p>\n<p>04.08.2026<\/p>\n<p>Maailma esimene sotsiaalmeediakeeld kukkus l\u00e4bi? \u00dcle 80% teismelistest vilistab piirangutele<\/p>\n<p><\/a>Kuidas see lugu Sind end tundma pani?Saada<\/p>\n","protected":false},"excerpt":{"rendered":"TTP v\u00e4idab, et n\u00e4iteks lennutas Meta merevaatega Sydney sadamasse mitmeid suunamudijaid, andis neile skaudim\u00e4rgid ja gurmeesn\u00e4kid ning palus&hellip;\n","protected":false},"author":2,"featured_media":256397,"comment_status":"","ping_status":"","sticky":false,"template":"","format":"standard","meta":{"footnotes":"","_share_on_mastodon":"0"},"categories":[14],"tags":[131,130,37,33,35,34,36,2886],"class_list":["post-256396","post","type-post","status-publish","format-standard","has-post-thumbnail","category-ari","tag-ari","tag-business","tag-ee","tag-eesti","tag-eesti-keel","tag-estonia","tag-estonian","tag-meta"],"share_on_mastodon":{"url":"https:\/\/pubeurope.com\/@ee\/117126412566508831","error":""},"_links":{"self":[{"href":"https:\/\/www.europesays.com\/ee\/wp-json\/wp\/v2\/posts\/256396","targetHints":{"allow":["GET"]}}],"collection":[{"href":"https:\/\/www.europesays.com\/ee\/wp-json\/wp\/v2\/posts"}],"about":[{"href":"https:\/\/www.europesays.com\/ee\/wp-json\/wp\/v2\/types\/post"}],"author":[{"embeddable":true,"href":"https:\/\/www.europesays.com\/ee\/wp-json\/wp\/v2\/users\/2"}],"replies":[{"embeddable":true,"href":"https:\/\/www.europesays.com\/ee\/wp-json\/wp\/v2\/comments?post=256396"}],"version-history":[{"count":0,"href":"https:\/\/www.europesays.com\/ee\/wp-json\/wp\/v2\/posts\/256396\/revisions"}],"wp:featuredmedia":[{"embeddable":true,"href":"https:\/\/www.europesays.com\/ee\/wp-json\/wp\/v2\/media\/256397"}],"wp:attachment":[{"href":"https:\/\/www.europesays.com\/ee\/wp-json\/wp\/v2\/media?parent=256396"}],"wp:term":[{"taxonomy":"category","embeddable":true,"href":"https:\/\/www.europesays.com\/ee\/wp-json\/wp\/v2\/categories?post=256396"},{"taxonomy":"post_tag","embeddable":true,"href":"https:\/\/www.europesays.com\/ee\/wp-json\/wp\/v2\/tags?post=256396"}],"curies":[{"name":"wp","href":"https:\/\/api.w.org\/{rel}","templated":true}]}}