{"id":256420,"date":"2026-08-20T06:59:16","date_gmt":"2026-08-20T06:59:16","guid":{"rendered":"https:\/\/www.europesays.com\/ee\/256420\/"},"modified":"2026-08-20T06:59:16","modified_gmt":"2026-08-20T06:59:16","slug":"madis-jurgeni-reportaaz-20-augustist-1991-70-tanki-olevat-assakul-soovad-lounat-ja-asuvad-kohe-tallinna-poole-teele","status":"publish","type":"post","link":"https:\/\/www.europesays.com\/ee\/256420\/","title":{"rendered":"Madis J\u00fcrgeni reportaa\u017e 20. augustist 1991: 70 tanki olevat Assakul, s\u00f6\u00f6vad l\u00f5unat ja asuvad kohe Tallinna poole teele"},"content":{"rendered":"<p>\u00c4rgates meenus mulle mu selle\u00f6ine unen\u00e4gu.<\/p>\n<p>EV v\u00e4lisminister Lennart Meri istus mu voodi jalutsis ja kinnitas, et tema ei tunne \u00fchtegi s\u00f5jav\u00e4elast, kes oskaks l\u00fcpsta lehma. H\u00e4rra Meriga asus vaidlusse s\u00f5jakomissar Rein P\u00f5der, kes istus samuti minu voodi jalutsis, aga kes millegip\u00e4rast avaldas end seekord soome keeles. S\u00f5jakomissar kinnitas end olevat pesuehtsa mulgi, kes lisaks mulgipudrule tarvitab ka ehtsat piima ja \u00d5isus suvepuhkusel l\u00fcpsab seda reeglina ise.<\/p>\n<p>Oli esimene puhkusej\u00e4rgne t\u00f6ine p\u00e4ev 20. august.<\/p>\n<p>Autos oli bensiin otsakorral ja ma palusin t\u00f6\u00f6le s\u00f5ites enne iga ristmikku heldet saatust (Enn Eesmaa lemmikv\u00e4ljend), et ei tuleks punast tuld v\u00f5i pikemat tankirivi. Kohale j\u00f5udes t\u00f5mbasin laenatud lohviga kolleegi autost endale AI-93 hingekurku. Bensiinijaamades on meil Eestis n\u00fc\u00fcd j\u00e4rjekorrad.<\/p>\n<p>Ajakirja \u201eTeater. Muusika. Kino\u201c filmitoimetaja Jaan Ruusiga arutasime, et meie kui teenekad punased peaksime n\u00fc\u00fcd olema erilise au sees.<\/p>\n<p>Jaan Ruus arvas, et igati kohane oleks avaldada intervjuu v\u00e4ljapaistva parteitegelase Karl Vainoga. K\u00f5ik v\u00f5tsid seda kui head nalja.<\/p>\n<p>Reklaamikunstnik Kanadast Uno Raamat oli n\u00e4ost m\u00f5nev\u00f5rra kahvatu ja p\u00fc\u00fcdis teistest mitte maha j\u00e4\u00e4da: \u201eSee show on vist minu tuleviku auks korraldatud!\u201c<\/p>\n<p>Keskp\u00e4eva ajal oli muidu \u00fclitiheda ja vinguse Narva maantee liiklus suhteliselt lahe. Inimesi liikus t\u00e4navatel v\u00e4hem kui tavaliselt. \u201eTallinna\u201c poes oli \u00fc\u00fcratu toidusaba.<\/p>\n<p>Kohvi j\u00f5in kohvikus \u201eNarva\u201c. K\u00f5rvallauas olev r\u00e4pasev\u00f5itu vanem vene keelt k\u00f5nelev naine (mu kaaslane \u00fctles tema kohta \u201esaast\u201c) t\u00f5mbas \u00fcht\u00e4kki suu v\u00e4ikeseks kriipsuks, kiitis oma l\u00fchikeses suulises avalduses kolhoosikorda ja vene valitsust ning k\u00e4skis ettekandjal kohvitassi tagasi viia, sest selle servas olevat pragu.<\/p>\n<p>Raadio kuulutas sel hetkel, et 70 tanki ja 20 muud s\u00f5jamasinat olevat Assakul, s\u00f6\u00f6vad l\u00f5unat ja asuvad kohe Tallinna poole teele.<\/p>\n<p>Toimetusse tagasi minnes oli selline tunne, mida varem ei ole tundnud. Siiski tehti k\u00f5ikjal nalja. Lausa traagiliselt ei osanud ka keegi asja v\u00f5tta.<\/p>\n<p>Lehekujundaja Nigul Treimann (Eesti parim) arvas, et k\u00f5ik lehed pannakse kinni, j\u00e4\u00e4b ainult \u201eSovetskaja Estonia\u201c ja v\u00f5ib-olla ka Leito, aga k\u00f5ik on veel kahtlane.<\/p>\n<p>P\u00e4rast kella \u00fchte helistasin Luigele, k\u00fcsisin, kas \u201eEkspress\u201c on \u00fcle v\u00f5etud v\u00f5i ei. Telefon krabises, Luik ei saanud h\u00e4sti aru, naeris siis aga eriti k\u00f5lavalt, sest arvas, et tankid on juba \u201eEesti Elu\u201c ees, ja lohutas l\u00f5puks, et k\u00f5igepealt arreteeritakse vist siiski \u201eNelli Teataja\u201c.<\/p>\n<p>Raekoja platsis oli k\u00f5ik v\u00e4ga rahulik. Vene keelt k\u00f5nelev noor daam pakkus v\u00e4lja uut teenust \u2013 teha hobusega ring \u00fcmber Raekoja platsi ja maksta selle eest viis rubla. S\u00f6\u00f6tsin hobusele leiba.<\/p>\n<p>Raekoja platsi vahetus naabruses, \u201eEeslitalli\u201c \u00f5uel oli t\u00e4ielik Euroopa. S\u00f6\u00f6di banaane, joodi firma KOFF \u00f5lut, oldi l\u00f5busad. Nurgatagune koht, ei saagi teada, kui midagi juhtunud on!<\/p>\n<p>Palju oli v\u00e4lismaa (sealhulgas vene) noori. Tuntutest astus l\u00e4bi h\u00e4sti punase suuga Maria Avdju\u0161ko. Seina\u00e4\u00e4rses lauas istus Mait Raun. Pea oli tal sassis nagu alati.<\/p>\n<p>Kell neli oli Vabaduse plats inimesi \u00e4\u00e4reni t\u00e4is. Marju Lauristini ja Edgar Savisaare k\u00f5nesid katkestati ohtrate vahepausidega. Rein Veidemann luges eelmisel p\u00e4eval mitu-mitu korda kuuldud RR p\u00f6\u00f6rdumist, milles olid read vajadusest Eesti Vabariiki otsemaid tunnustada. Rahvas Vabaduse platsil oli vaimustuses.<\/p>\n<p>Kui r\u00e4\u00e4kis Moskvast tulnud vene demokraat, hakkas minu ees seisev vanem mees nutma. \u00d5rnav\u00f5itu optimismitundega mindi laiali.<\/p>\n<p>P\u00e4rast r\u00e4\u00e4kis Vardo Rumessen \u201eKultuuri ja Elu\u201c toimetuses siira meelepahaga, et ERSP mees Robert Vill oli vaatamata varasemale kokkuleppele Vabaduse platsil s\u00f5nast ilma j\u00e4etud. Vaat sulle demokraatia, vabadus ja vabariik!<\/p>\n<p>Sirje Endre, olles kaks p\u00e4eva l\u00e4hemalt tutvunud eluga Toompeal, kinnitas, et Eesti Komitee elust Narva maanteel erineb elu parlamendis nagu \u00f6\u00f6 ja p\u00e4ev. K\u00f5igest kaks kolmandikku saadikutest istuvat saalis, siis jalutavat linna peal, siis vahtivat niisama, siis jauravat venelastega, siis minevat koju. \u201eSee pahandas mind v\u00e4ga,\u201c \u00fctles pr Endre.<\/p>\n<p>Kell on palju. H\u00e4rra \u00d6\u00f6vel soovis juba lastele raadio kaudu head \u00f6\u00f6d ja unejutt on loetud. T\u00f5siseid uudiseid tuleb igalt kanalilt.<\/p>\n<p>Mis saab homme ja \u00fclehomme, ei tea keegi. Telemajas r\u00e4\u00e4giti enne kojuminekut, et v\u00e4hemalt midagi roppu peaks laua peale kirjutama. Vaevalt homme enam tagasi lastakse.<\/p>\n<p>Toompeal luuakse riiklikku iseseisvust.<\/p>\n<p>Mina s\u00f5idan koju bussiga. Bensiinijaamas ei j\u00f5udnud seista.<\/p>\n<p>Kuidas see lugu Sind end tundma pani?Saada<a href=\"https:\/\/ekspress.delfi.ee\/artikkel\/120599147\/madis-jurgeni-reportaaz-20-augustist-1991-70-tanki-olevat-assakul-soovad-lounat-ja-asuvad-kohe-tallinna-poole-teele\/kommentaarid\" class=\"button button--primary button--size-auto article-body-bottom__comment article-body-bottom__comment--write\" style=\"\" rel=\"nofollow noopener\" target=\"_blank\">Kommenteeri<\/a><a href=\"https:\/\/ekspress.delfi.ee\/artikkel\/120599147\/madis-jurgeni-reportaaz-20-augustist-1991-70-tanki-olevat-assakul-soovad-lounat-ja-asuvad-kohe-tallinna-poole-teele\/kommentaarid\" class=\"button button--size-auto article-body-bottom__comment article-body-bottom__comment--read\" style=\"\" rel=\"nofollow noopener\" target=\"_blank\">Loe kommentaare (8)<\/a><\/p>\n","protected":false},"excerpt":{"rendered":"\u00c4rgates meenus mulle mu selle\u00f6ine unen\u00e4gu. EV v\u00e4lisminister Lennart Meri istus mu voodi jalutsis ja kinnitas, et tema&hellip;\n","protected":false},"author":2,"featured_media":256421,"comment_status":"","ping_status":"","sticky":false,"template":"","format":"standard","meta":{"footnotes":"","_share_on_mastodon":"0"},"categories":[14],"tags":[131,130,37,33,5551,35,34,36],"class_list":["post-256420","post","type-post","status-publish","format-standard","has-post-thumbnail","category-ari","tag-ari","tag-business","tag-ee","tag-eesti","tag-eesti-ekspress","tag-eesti-keel","tag-estonia","tag-estonian"],"share_on_mastodon":{"url":"https:\/\/pubeurope.com\/@ee\/117126546300803714","error":""},"_links":{"self":[{"href":"https:\/\/www.europesays.com\/ee\/wp-json\/wp\/v2\/posts\/256420","targetHints":{"allow":["GET"]}}],"collection":[{"href":"https:\/\/www.europesays.com\/ee\/wp-json\/wp\/v2\/posts"}],"about":[{"href":"https:\/\/www.europesays.com\/ee\/wp-json\/wp\/v2\/types\/post"}],"author":[{"embeddable":true,"href":"https:\/\/www.europesays.com\/ee\/wp-json\/wp\/v2\/users\/2"}],"replies":[{"embeddable":true,"href":"https:\/\/www.europesays.com\/ee\/wp-json\/wp\/v2\/comments?post=256420"}],"version-history":[{"count":0,"href":"https:\/\/www.europesays.com\/ee\/wp-json\/wp\/v2\/posts\/256420\/revisions"}],"wp:featuredmedia":[{"embeddable":true,"href":"https:\/\/www.europesays.com\/ee\/wp-json\/wp\/v2\/media\/256421"}],"wp:attachment":[{"href":"https:\/\/www.europesays.com\/ee\/wp-json\/wp\/v2\/media?parent=256420"}],"wp:term":[{"taxonomy":"category","embeddable":true,"href":"https:\/\/www.europesays.com\/ee\/wp-json\/wp\/v2\/categories?post=256420"},{"taxonomy":"post_tag","embeddable":true,"href":"https:\/\/www.europesays.com\/ee\/wp-json\/wp\/v2\/tags?post=256420"}],"curies":[{"name":"wp","href":"https:\/\/api.w.org\/{rel}","templated":true}]}}