{"id":256442,"date":"2026-08-20T07:42:24","date_gmt":"2026-08-20T07:42:24","guid":{"rendered":"https:\/\/www.europesays.com\/ee\/256442\/"},"modified":"2026-08-20T07:42:24","modified_gmt":"2026-08-20T07:42:24","slug":"norra-jalgpallijuht-nouab-fifa-hirmuvalitsuse-loppu-ja-vottis-sihikule-rootslasest-peasekretari","status":"publish","type":"post","link":"https:\/\/www.europesays.com\/ee\/256442\/","title":{"rendered":"Norra jalgpallijuht n\u00f5uab FIFA hirmuvalitsuse l\u00f5ppu ja v\u00f5ttis sihikule rootslasest peasekret\u00e4ri"},"content":{"rendered":"<p>T\u00fcli sai, kui FIFA pikaaegne tegevjuht Lamour kritiseeris avalikult president <a rel=\"noopener nofollow\" target=\"_blank\" href=\"https:\/\/www.delfi.ee\/teema\/74295273\/gianni-infantino\" tag-id=\"74295273\">Gianni Infantino<\/a> plaani m\u00fc\u00fca osa jalgpalli maailmameistriv\u00f5istluste omandi\u00f5igustest investeerimisfondidele. Lamouri s\u00f5nul oli kogu projekt Infantino \u00fchemehe etteaste. P\u00e4rast seda sai Lamour aga hundipassi. <\/p>\n<p>Otsuse Lamour ametist vabastada viis t\u00e4ide organisatsiooni peasekret\u00e4r Mattias Grafstr\u00f6m. Norra vutiliidu juhi Lise Klavenessi s\u00f5nul on juhtunu aga lubamatu.<\/p>\n<p>\u201eTa visati lihtsalt k\u00f5rvale ja me peaksime eluga tavap\u00e4raselt edasi minema? See on t\u00e4iesti andestamatu. See on hirmuga juhtimine,\u201c lausus Klaveness.<\/p>\n<p>Klaveness nimetas Lamouri \u00fcheks parimaks jalgpalliadministraatoriks, kellega tal on olnud au koos t\u00f6\u00f6tada. \u201ePeame n\u00f5udma, et FIFA juhtkond ja administratsioon ei alluks k\u00e4skudele, mis teadlikult t\u00f6\u00f6tavad jalgpalli vastu,\u201c teatas Klaveness lisades, et tema fookus on praegu suunatud just peasekret\u00e4r Grafstr\u00f6mile.<\/p>\n<p>M\u00f6\u00f6dunud n\u00e4dalal n\u00f5udsid Klaveness ja Norra jalgpalliliidu juhatus lausa FIFA presidendi Gianni Infantino tagasiastumist.<\/p>\n<p>Ametist vabastatud 46-aastane Lamour oli Infantino pikaaegne kolleeg. Nad t\u00f6\u00f6tasid koos esmalt aastatel 2007\u20132015 Euroopa jalgpalliliidus (UEFA) ning liikusid seej\u00e4rel FIFA-sse. Grafstr\u00f6m on FIFA peasekret\u00e4ri kohuseid t\u00e4itnud alates 2024. aasta kevadest.<\/p>\n<p>Kuidas see lugu Sind end tundma pani?Saada<a href=\"https:\/\/sport.delfi.ee\/artikkel\/120604766\/norra-jalgpallijuht-nouab-fifa-hirmuvalitsuse-loppu-ja-vottis-sihikule-rootslasest-peasekretari\/kommentaarid\" class=\"button button--primary button--size-auto article-body-bottom__comment article-body-bottom__comment--write\" style=\"\" rel=\"nofollow noopener\" target=\"_blank\">Kommenteeri<\/a><a href=\"https:\/\/sport.delfi.ee\/artikkel\/120604766\/norra-jalgpallijuht-nouab-fifa-hirmuvalitsuse-loppu-ja-vottis-sihikule-rootslasest-peasekretari\/kommentaarid\" class=\"button button--size-auto article-body-bottom__comment article-body-bottom__comment--read\" style=\"\" rel=\"nofollow noopener\" target=\"_blank\">Loe kommentaare (3)<\/a><\/p>\n","protected":false},"excerpt":{"rendered":"T\u00fcli sai, kui FIFA pikaaegne tegevjuht Lamour kritiseeris avalikult president Gianni Infantino plaani m\u00fc\u00fca osa jalgpalli maailmameistriv\u00f5istluste omandi\u00f5igustest&hellip;\n","protected":false},"author":2,"featured_media":256443,"comment_status":"","ping_status":"","sticky":false,"template":"","format":"standard","meta":{"footnotes":"","_share_on_mastodon":"0"},"categories":[18],"tags":[37,33,35,34,36,3223,3224,159,158],"class_list":["post-256442","post","type-post","status-publish","format-standard","has-post-thumbnail","category-sport","tag-ee","tag-eesti","tag-eesti-keel","tag-estonia","tag-estonian","tag-fifa","tag-gianni-infantino","tag-sport","tag-sports"],"share_on_mastodon":{"url":"https:\/\/pubeurope.com\/@ee\/117126715609527228","error":""},"_links":{"self":[{"href":"https:\/\/www.europesays.com\/ee\/wp-json\/wp\/v2\/posts\/256442","targetHints":{"allow":["GET"]}}],"collection":[{"href":"https:\/\/www.europesays.com\/ee\/wp-json\/wp\/v2\/posts"}],"about":[{"href":"https:\/\/www.europesays.com\/ee\/wp-json\/wp\/v2\/types\/post"}],"author":[{"embeddable":true,"href":"https:\/\/www.europesays.com\/ee\/wp-json\/wp\/v2\/users\/2"}],"replies":[{"embeddable":true,"href":"https:\/\/www.europesays.com\/ee\/wp-json\/wp\/v2\/comments?post=256442"}],"version-history":[{"count":0,"href":"https:\/\/www.europesays.com\/ee\/wp-json\/wp\/v2\/posts\/256442\/revisions"}],"wp:featuredmedia":[{"embeddable":true,"href":"https:\/\/www.europesays.com\/ee\/wp-json\/wp\/v2\/media\/256443"}],"wp:attachment":[{"href":"https:\/\/www.europesays.com\/ee\/wp-json\/wp\/v2\/media?parent=256442"}],"wp:term":[{"taxonomy":"category","embeddable":true,"href":"https:\/\/www.europesays.com\/ee\/wp-json\/wp\/v2\/categories?post=256442"},{"taxonomy":"post_tag","embeddable":true,"href":"https:\/\/www.europesays.com\/ee\/wp-json\/wp\/v2\/tags?post=256442"}],"curies":[{"name":"wp","href":"https:\/\/api.w.org\/{rel}","templated":true}]}}