{"id":256458,"date":"2026-08-20T08:05:09","date_gmt":"2026-08-20T08:05:09","guid":{"rendered":"https:\/\/www.europesays.com\/ee\/256458\/"},"modified":"2026-08-20T08:05:09","modified_gmt":"2026-08-20T08:05:09","slug":"max-verstappen-pikendas-red-bulliga-lepingut","status":"publish","type":"post","link":"https:\/\/www.europesays.com\/ee\/256458\/","title":{"rendered":"Max Verstappen pikendas Red Bulliga lepingut"},"content":{"rendered":"<p>28-aastane hollandlane liitus Red Bulliga 2016. aastal. Nimetatud hooaja alguses ning 2015. aastal s\u00f5itis ta Toro Rosso ridades. Red Bulli juunioride programmiga \u00fchines ta 2014. aastal.<\/p>\n<p>Verstappen on Red Bulli ridades kroonitud neljal korral maailmameistriks. MM-tiitli v\u00f5itis ta aastatel 2021. \u2013 2024. Mulluse hooaja l\u00f5petas ta teisena. 2019. ja 2020. aastast on tal kokkuv\u00f5ttes ette n\u00e4idata kolmas koht. Vormel-1 etappe on Verstappen v\u00f5itnud 71 ning lisaks on ta kahel korral aidanud Red Bulli konstruktorite karikani.<\/p>\n<p>\u201eOlen \u00f5nnelik, et j\u00f5udsime lepingu pikendamiseni. Meil on parimad inimesed ja mul on hea meel nendega koost\u00f6\u00f6d j\u00e4tkata. Meie k\u00f5igi eesm\u00e4rgiks on j\u00f5uda tagasi tippu,\u201c teatas hollandlane.<\/p>\n<p>K\u00e4imasoleval hooajal on Verstappen hoidmas kuuendat positsiooni 109 punktiga. Tema ette mahuvad Kimi antonelli (219 p), Lewis Hamilton (169), George Russell (160), Charles Leclerc (138) ja Lando Norris (128).<\/p>\n<p>Kuidas see lugu Sind end tundma pani?Saada<a href=\"https:\/\/sport.delfi.ee\/artikkel\/120604958\/max-verstappen-pikendas-red-bulliga-lepingut\/kommentaarid\" class=\"button button--primary button--size-auto article-body-bottom__comment article-body-bottom__comment--write\" style=\"\" rel=\"nofollow noopener\" target=\"_blank\">Kommenteeri<\/a><a href=\"https:\/\/sport.delfi.ee\/artikkel\/120604958\/max-verstappen-pikendas-red-bulliga-lepingut\/kommentaarid\" class=\"button button--size-auto article-body-bottom__comment article-body-bottom__comment--read\" style=\"\" rel=\"nofollow noopener\" target=\"_blank\">Loe kommentaare <\/a><\/p>\n","protected":false},"excerpt":{"rendered":"28-aastane hollandlane liitus Red Bulliga 2016. aastal. Nimetatud hooaja alguses ning 2015. aastal s\u00f5itis ta Toro Rosso ridades.&hellip;\n","protected":false},"author":2,"featured_media":256459,"comment_status":"","ping_status":"","sticky":false,"template":"","format":"standard","meta":{"footnotes":"","_share_on_mastodon":"0"},"categories":[14],"tags":[131,130,37,33,35,34,36,586,100151,4487],"class_list":["post-256458","post","type-post","status-publish","format-standard","has-post-thumbnail","category-ari","tag-ari","tag-business","tag-ee","tag-eesti","tag-eesti-keel","tag-estonia","tag-estonian","tag-max-verstappen","tag-red-bull-vormel-1","tag-vormel-1"],"share_on_mastodon":{"url":"https:\/\/pubeurope.com\/@ee\/117126805793569086","error":""},"_links":{"self":[{"href":"https:\/\/www.europesays.com\/ee\/wp-json\/wp\/v2\/posts\/256458","targetHints":{"allow":["GET"]}}],"collection":[{"href":"https:\/\/www.europesays.com\/ee\/wp-json\/wp\/v2\/posts"}],"about":[{"href":"https:\/\/www.europesays.com\/ee\/wp-json\/wp\/v2\/types\/post"}],"author":[{"embeddable":true,"href":"https:\/\/www.europesays.com\/ee\/wp-json\/wp\/v2\/users\/2"}],"replies":[{"embeddable":true,"href":"https:\/\/www.europesays.com\/ee\/wp-json\/wp\/v2\/comments?post=256458"}],"version-history":[{"count":0,"href":"https:\/\/www.europesays.com\/ee\/wp-json\/wp\/v2\/posts\/256458\/revisions"}],"wp:featuredmedia":[{"embeddable":true,"href":"https:\/\/www.europesays.com\/ee\/wp-json\/wp\/v2\/media\/256459"}],"wp:attachment":[{"href":"https:\/\/www.europesays.com\/ee\/wp-json\/wp\/v2\/media?parent=256458"}],"wp:term":[{"taxonomy":"category","embeddable":true,"href":"https:\/\/www.europesays.com\/ee\/wp-json\/wp\/v2\/categories?post=256458"},{"taxonomy":"post_tag","embeddable":true,"href":"https:\/\/www.europesays.com\/ee\/wp-json\/wp\/v2\/tags?post=256458"}],"curies":[{"name":"wp","href":"https:\/\/api.w.org\/{rel}","templated":true}]}}