{"id":256482,"date":"2026-08-20T08:48:12","date_gmt":"2026-08-20T08:48:12","guid":{"rendered":"https:\/\/www.europesays.com\/ee\/256482\/"},"modified":"2026-08-20T08:48:12","modified_gmt":"2026-08-20T08:48:12","slug":"verstappen-pani-spekulatsioonidele-punkti-ja-pikendas-red-bulliga-lepingut-vormelisport","status":"publish","type":"post","link":"https:\/\/www.europesays.com\/ee\/256482\/","title":{"rendered":"Verstappen pani spekulatsioonidele punkti ja pikendas Red Bulliga lepingut | Vormelisport"},"content":{"rendered":"<p>Max Verstappen j\u00e4tkab Red Bull Racingu ridades 2030. aasta hooaja l\u00f5puni, teatas meeskond neljap\u00e4eval. Uus leping l\u00f5petab pikalt kestnud spekulatsioonid neljakordse maailmameistri tuleviku \u00fcle, mida seostati nii Mercedese kui ka McLareniga.<\/p>\n<p>Varem kehtis Verstappeni leping 2028. aasta l\u00f5puni, kuid selles sisaldusid klauslid, mis oleksid v\u00f5imaldanud tal soovi korral praeguse Vormel-1 hooaja l\u00f5pus lahkuda.<\/p>\n<p>&#8220;Meil on parimad inimesed ja mul on hea meel j\u00e4tkata k\u00f5igiga koost\u00f6\u00f6d, et taas tippu t\u00f5usta,&#8221; s\u00f5nas 28-aastane Verstappen.<\/p>\n<p>&#8220;See on endiselt \u00fclim eesm\u00e4rk, mille nimel oleme k\u00f5ik t\u00f6\u00f6tanud ja mille poole p\u00fc\u00fcdleme ka edaspidi. Olen seda alati \u00f6elnud: meeskond on mulle nagu teine \u200b\u200bperekond ja tunnen end siin v\u00e4ga koduselt.Selle teekonna j\u00e4tkamine sama meeskonnaga, kelle juures olen veetnud kogu oma karj\u00e4\u00e4ri, on t\u00f5eliselt eriline ja midagi sellist, mida olen alati soovinud teha.&#8221;<\/p>\n<p>Lepingu pikendamine peaks l\u00f5petama spekulatsioonid hollandlase tuleviku \u00fcle p\u00e4rast k\u00e4esoleva hooaja l\u00f5ppu. Varasemalt oli teda v\u00f5imaliku \u00fcleminekuga Mercedese v\u00f5i McLareni meeskonda.<\/p>\n<p>Red Bullil on olnud keeruline algus uutele auto- ja mootorireeglitele \u00fcleminekul, mis kehtestati just selleks hooajaks. Verstappeni parimateks tulemusteks on j\u00e4\u00e4nud kaks teist kohta Austria ja Ungari GP. Red Bulli konkurentsiv\u00f5ime puudumine on pannud Verstappeni korduvalt oma rahulolematust v\u00e4ljendama, kuid l\u00f5puks otsustas ta j\u00e4\u00e4da truuks sellele, mida ta tunneb.<\/p>\n<p>Verstappen s\u00f5idab sel n\u00e4dalavahetusel oma viimase koduv\u00f5istluse enne seda, kui Hollandi Grand Prix Zandvoortis v\u00f5istluskalendrist v\u00e4lja langeb.<\/p>\n<p>Verstappen alustas oma Vormel-1 karj\u00e4\u00e4ri 2015. aastal Red Bulli noortemeeskonnas, mis kandis toona nime Toro Rosso. Ta edutati p\u00f5hiv\u00f5istkonda oma teise hooaja neljanda v\u00f5istluse j\u00e4rel ja v\u00f5itis kohe oma esimese s\u00f5idu.<\/p>\n<p>Sellest ajast peale on ta lisaks neljale maailmameistritiitlile v\u00f5itnud 71 Grand Prix&#8217;d. V\u00f5itude arvult hoiab ta Vormel-1 k\u00f5igi aegade edetabelis kolmandat kohta Lewis Hamiltoni ja Michael Schumacheri j\u00e4rel.<\/p>\n","protected":false},"excerpt":{"rendered":"Max Verstappen j\u00e4tkab Red Bull Racingu ridades 2030. aasta hooaja l\u00f5puni, teatas meeskond neljap\u00e4eval. Uus leping l\u00f5petab pikalt&hellip;\n","protected":false},"author":2,"featured_media":256483,"comment_status":"","ping_status":"","sticky":false,"template":"","format":"standard","meta":{"footnotes":"","_share_on_mastodon":"0"},"categories":[18],"tags":[37,33,35,34,36,586,159,158],"class_list":["post-256482","post","type-post","status-publish","format-standard","has-post-thumbnail","category-sport","tag-ee","tag-eesti","tag-eesti-keel","tag-estonia","tag-estonian","tag-max-verstappen","tag-sport","tag-sports"],"share_on_mastodon":{"url":"https:\/\/pubeurope.com\/@ee\/117126975120216501","error":""},"_links":{"self":[{"href":"https:\/\/www.europesays.com\/ee\/wp-json\/wp\/v2\/posts\/256482","targetHints":{"allow":["GET"]}}],"collection":[{"href":"https:\/\/www.europesays.com\/ee\/wp-json\/wp\/v2\/posts"}],"about":[{"href":"https:\/\/www.europesays.com\/ee\/wp-json\/wp\/v2\/types\/post"}],"author":[{"embeddable":true,"href":"https:\/\/www.europesays.com\/ee\/wp-json\/wp\/v2\/users\/2"}],"replies":[{"embeddable":true,"href":"https:\/\/www.europesays.com\/ee\/wp-json\/wp\/v2\/comments?post=256482"}],"version-history":[{"count":0,"href":"https:\/\/www.europesays.com\/ee\/wp-json\/wp\/v2\/posts\/256482\/revisions"}],"wp:featuredmedia":[{"embeddable":true,"href":"https:\/\/www.europesays.com\/ee\/wp-json\/wp\/v2\/media\/256483"}],"wp:attachment":[{"href":"https:\/\/www.europesays.com\/ee\/wp-json\/wp\/v2\/media?parent=256482"}],"wp:term":[{"taxonomy":"category","embeddable":true,"href":"https:\/\/www.europesays.com\/ee\/wp-json\/wp\/v2\/categories?post=256482"},{"taxonomy":"post_tag","embeddable":true,"href":"https:\/\/www.europesays.com\/ee\/wp-json\/wp\/v2\/tags?post=256482"}],"curies":[{"name":"wp","href":"https:\/\/api.w.org\/{rel}","templated":true}]}}