{"id":256574,"date":"2026-08-20T11:05:12","date_gmt":"2026-08-20T11:05:12","guid":{"rendered":"https:\/\/www.europesays.com\/ee\/256574\/"},"modified":"2026-08-20T11:05:12","modified_gmt":"2026-08-20T11:05:12","slug":"nato-lennukid-reageerisid-rumeenia-ohuruumi-sisenenud-droonile","status":"publish","type":"post","link":"https:\/\/www.europesays.com\/ee\/256574\/","title":{"rendered":"NATO lennukid reageerisid Rumeenia \u00f5huruumi sisenenud droonile"},"content":{"rendered":"<p class=\"Paragraph SCXW31279372 BCX0\">Rumeenia Kaitseministeeriumi teatel sisenes neljap\u00e4eva varahommikul Gala\u021bi l\u00e4hedal Rumeenia \u00f5huruumi j\u00e4rjekordne droon ja kukkus alla asustamata alale Grundu l\u00e4hedal Tulcea maakonnas. Ohvritest ega varalisest kahjust teateid ei ole.<\/p>\n<p class=\"Paragraph SCXW31279372 BCX0\">Rumeenia kaitseministeerium teatas, et neljap\u00e4eval kell 02:23 kohaliku aja j\u00e4rgi avastati radari abil r\u00fchm \u00f5husihtm\u00e4rke Ukraina piiri l\u00e4hedal, Tulcea maakonna p\u00f5hjaosas.<\/p>\n","protected":false},"excerpt":{"rendered":"Rumeenia Kaitseministeeriumi teatel sisenes neljap\u00e4eva varahommikul Gala\u021bi l\u00e4hedal Rumeenia \u00f5huruumi j\u00e4rjekordne droon ja kukkus alla asustamata alale Grundu&hellip;\n","protected":false},"author":2,"featured_media":256575,"comment_status":"","ping_status":"","sticky":false,"template":"","format":"standard","meta":{"footnotes":"","_share_on_mastodon":"0"},"categories":[5],"tags":[26,27,1274,6408,37,33,35,34,36,31,32,21,28,29,54,19,1671,25,1945,23,24,22,20,30],"class_list":["post-256574","post","type-post","status-publish","format-standard","has-post-thumbnail","category-uldised-uudised","tag-breaking-news","tag-breakingnews","tag-droonid","tag-droonisoda","tag-ee","tag-eesti","tag-eesti-keel","tag-estonia","tag-estonian","tag-featured-news","tag-featurednews","tag-headlines","tag-latest-news","tag-latestnews","tag-nato","tag-news","tag-ohuruumi-rikkumine","tag-populaarseimad-lood","tag-rumeenia","tag-top-stories","tag-topstories","tag-uldised-uudised","tag-uudised","tag-viimased-uudised"],"share_on_mastodon":{"url":"https:\/\/pubeurope.com\/@ee\/117127513625857158","error":""},"_links":{"self":[{"href":"https:\/\/www.europesays.com\/ee\/wp-json\/wp\/v2\/posts\/256574","targetHints":{"allow":["GET"]}}],"collection":[{"href":"https:\/\/www.europesays.com\/ee\/wp-json\/wp\/v2\/posts"}],"about":[{"href":"https:\/\/www.europesays.com\/ee\/wp-json\/wp\/v2\/types\/post"}],"author":[{"embeddable":true,"href":"https:\/\/www.europesays.com\/ee\/wp-json\/wp\/v2\/users\/2"}],"replies":[{"embeddable":true,"href":"https:\/\/www.europesays.com\/ee\/wp-json\/wp\/v2\/comments?post=256574"}],"version-history":[{"count":0,"href":"https:\/\/www.europesays.com\/ee\/wp-json\/wp\/v2\/posts\/256574\/revisions"}],"wp:featuredmedia":[{"embeddable":true,"href":"https:\/\/www.europesays.com\/ee\/wp-json\/wp\/v2\/media\/256575"}],"wp:attachment":[{"href":"https:\/\/www.europesays.com\/ee\/wp-json\/wp\/v2\/media?parent=256574"}],"wp:term":[{"taxonomy":"category","embeddable":true,"href":"https:\/\/www.europesays.com\/ee\/wp-json\/wp\/v2\/categories?post=256574"},{"taxonomy":"post_tag","embeddable":true,"href":"https:\/\/www.europesays.com\/ee\/wp-json\/wp\/v2\/tags?post=256574"}],"curies":[{"name":"wp","href":"https:\/\/api.w.org\/{rel}","templated":true}]}}