{"id":256610,"date":"2026-08-20T11:46:14","date_gmt":"2026-08-20T11:46:14","guid":{"rendered":"https:\/\/www.europesays.com\/ee\/256610\/"},"modified":"2026-08-20T11:46:14","modified_gmt":"2026-08-20T11:46:14","slug":"tehisaru-kiirendab-riigitood-kuid-koik-tootajad-pole-muutusteks-valmis-2","status":"publish","type":"post","link":"https:\/\/www.europesays.com\/ee\/256610\/","title":{"rendered":"Tehisaru kiirendab riigit\u00f6\u00f6d, kuid k\u00f5ik t\u00f6\u00f6tajad pole muutusteks valmis"},"content":{"rendered":"<p>RITi Pilvep\u00e4eva arutelul arutlesid avaliku sektori esindajad, mida on tehisaru kasutuselev\u00f5tuks vaja nii t\u00f6\u00f6tajalt kui ka organisatsioonilt. Jutuks tuli nii t\u00f6\u00f6tajate v\u00e4ga erinev valmisolek uusi t\u00f6\u00f6riistu katsetada kui ka vajadus anda selleks t\u00f6\u00f6ajal piisavalt aega ja tuge.<\/p>\n<p>Uute digivahendite kasutuselev\u00f5tt on avalikus sektoris n\u00e4idanud, et t\u00f6\u00f6tajate valmisolek tehisaru kasutamiseks v\u00f5ib olla v\u00e4ga erinev. <a rel=\"noopener nofollow\" target=\"_blank\" href=\"https:\/\/www.delfi.ee\/teema\/56815900\/maksu-ja-tolliamet\" tag-id=\"56815900\">Maksu- ja tolliameti<\/a> (MTA) haldusosakonna juhataja Tauno Krulli s\u00f5nul on osa t\u00f6\u00f6tajaid uusi tehnoloogiaid ja t\u00f6\u00f6riistu katsetanud, samas kui teised vajavad alustamiseks rohkem tuge. \u201eSeejuures ootavad m\u00f5ned t\u00f6\u00f6tajad isegi n\u00fc\u00fcdisaegsemaid t\u00f6\u00f6vahendeid, kui meie praegune standard v\u00f5imaldab,\u201c t\u00f5des Krull.<\/p>\n<p>Ka <a rel=\"noopener nofollow\" target=\"_blank\" href=\"https:\/\/www.delfi.ee\/teema\/35888049\/majandus-ja-kommunikatsiooniministeerium\" tag-id=\"35888049\">majandus- ja kommunikatsiooniministeeriumi<\/a> (MKM) kantsleri Ahti Kuninga hinnangul on digil\u00f5he avalikus sektoris tuntav. Tema s\u00f5nul on juba n\u00e4ha, et osa t\u00f6\u00f6tajaid saab uute t\u00f6\u00f6riistade abil \u00fclesannetega m\u00e4rksa kiiremini hakkama, kuid see ei pruugi samas alati tehisaru kasutamisest s\u00f5ltuda. \u201eOn ka neid, kes k\u00fcll kasutavad tehisaru, kuid ei oska alati selle loodut kriitiliselt anal\u00fc\u00fcsida,\u201c m\u00e4rkis Kuningas.<\/p>\n<p><img decoding=\"async\" src=\"https:\/\/www.europesays.com\/ee\/wp-content\/uploads\/2026\/08\/1787226374_579_977d1b6d-738d-4a4e-a4de-652cabcc3f70.jpg\" loading=\"lazy\" alt=\"RITi Pilvep\u00e4eval arutati, kuidas tehisaru avaliku sektori t\u00f6\u00f6d muudab ja milliseid oskusi see t\u00f6\u00f6tajatelt n\u00f5uab.\"\/><\/p>\n<p>Katsetamiseks tuleb anda aega<\/p>\n<p>Innovatsioon ei saa s\u00fcndida \u00fcksnes \u00fcksikute t\u00f6\u00f6tajate entusiasmist, toodi arutelus v\u00e4lja. RIT-i arvutit\u00f6\u00f6kohateenuste osakonna juhataja Anti Liivati arvates s\u00f5ltub organisatsiooni tegelik arengukiirus sellest, kas uute oskustega suudetakse j\u00e4rele <a rel=\"noopener nofollow\" target=\"_blank\" href=\"https:\/\/www.delfi.ee\/teema\/96850896\/ai-1\" tag-id=\"96850896\">aidata<\/a> ka laiemat t\u00f6\u00f6tajaskonda. \u201eSee on organisatsioonikultuuri juhtimine \u2013 igal tasandil tuleb olla eeskujuks ning katsetada ja m\u00e4ngida. Oluline on anda t\u00f6\u00f6tajatele uute lahenduste testimiseks vajalik aeg,\u201c \u00fctles ta.<\/p>\n<p>Paneelis k\u00fcsiti, kust peaks \u00f5hukese riigi tingimustes riigit\u00f6\u00f6taja leidma aja, et uusi t\u00f6\u00f6riistu katsetada ja nende sobivust hinnata. Eksperdid kinnitasid, et \u00f5ppimine ei saa s\u00f5ltuda inimese vabast ajast. \u201eTehisaru rakendamise m\u00f5te ei saa tulla inimesel kell \u00fcks \u00f6\u00f6sel: see on loominguline ja s\u00fcvenemist n\u00f5udev t\u00f6\u00f6, milleks peab olema aega ja ruumi,\u201c kinnitas Liivat.<\/p>\n<p>Kuninga s\u00f5nul on MKM-is p\u00fc\u00fctud sellele vastata t\u00f6\u00f6korralduse muutmisega. Paar aastat tagasi vaadati \u00fcle koosolekute r\u00fctm: n\u00e4dala algusesse koondati juhtkonna koosolekud, reeded hoitakse aga v\u00f5imalikult vabana rutiinsetest aruteludest, et j\u00e4\u00e4ks aega kirjat\u00f6\u00f6ks ja enese arendamiseks. \u201eOleme ette n\u00e4inud, et inimesed saaksid ka t\u00f6\u00f6ajal arenguga tegeleda,\u201c kirjeldas kantsler.<\/p>\n<p>Vajadus kohtub tehnoloogiaga<\/p>\n<p>Paneelis leiti, et tehisarust tekib riigiasutusele kasu siis, kui asutus tunneb oma t\u00f6\u00f6protsesse piisavalt h\u00e4sti ja leiab \u00fcles kohad, kus tehnoloogia p\u00e4riselt aitab. MTA esindaja Krulli s\u00f5nul on \u00fche asutuse sees palju eri t\u00f6\u00f6\u00fclesandeid ja igap\u00e4evategevusi, kus tehisaru v\u00f5i automatiseerimine v\u00f5ib tuge pakkuda. \u201eK\u00fcsimus on selles, kas t\u00f6\u00f6taja v\u00f5i osakond tunneb \u00e4ra, kus v\u00f5iks t\u00f6\u00f6riist anda suurima m\u00f5ju v\u00f5i t\u00f6\u00f6v\u00f5idu,\u201c r\u00f5hutas ta.<\/p>\n<p>MTA puhul t\u00e4hendab see v\u00e4ga erinevate t\u00f6\u00f6liinide ja teenuste kaardistamist. Asutuses t\u00f6\u00f6tab ligikaudu 1100 inimest ja 17 osakonda ning \u00fche lahendusega ei saa katta k\u00f5iki vajadusi \u00fchtemoodi. Krulli s\u00f5nul peab iga valdkond aru saama, millises t\u00f6\u00f6etapis v\u00f5iks uus lahendus p\u00e4riselt aidata.<\/p>\n<p>Osalt on see seotud ka riigi-IT standardiseerimisega: RIT viib enamik riigiasutusi j\u00e4rgmise aasta l\u00f5puks \u00fchisele arvutit\u00f6\u00f6kohateenusele, mis toob avalikule sektorile ka \u00fchised tarkvaralahendused, sealhulgas tehisintellekti. \u201eRIT ei saa meie eest \u00f6elda, mis t\u00f6\u00f6l\u00f5ikudes mida me kasutama peame, k\u00fcll aga saavad nad pakkuda kompetentsi, mida t\u00e4nap\u00e4eva tehnoloogiad v\u00f5imaldavad,\u201c \u00fctles Krull.<\/p>\n<p>Kiirus kasvatab ootusi<\/p>\n<p>Avalikus arutelus r\u00e4\u00e4gitakse tehisarust sageli kontekstis, et see v\u00f5ib v\u00e4hendada ettev\u00f5ttes t\u00f6\u00f6tajate arvu. Paneelis k\u00fcsiti samuti, kas erasektoris k\u00f5lavad ennustused v\u00f5iksid kanduda ka avalikku sektorisse.<\/p>\n<p>MKM-is on Kuninga s\u00f5nul juba n\u00e4ha, et t\u00f6\u00f6tempo on muutunud: kui varem v\u00f5is \u00fche eeln\u00f5u v\u00f5i arengukava valmimine v\u00f5tta paar aastat v\u00f5i rohkemgi, siis n\u00fc\u00fcd j\u00f5utakse samalaadsete dokumentideni m\u00f5nel juhul isegi \u00fche kuuga.<\/p>\n<p>Samas ei t\u00e4henda see tingimata t\u00f6\u00f6kohtade kaotamist. \u201eN\u00e4en, et neil, kes oskavad t\u00f6\u00f6riistu kasutada, tuleb toodang v\u00e4ga kiiresti,\u201c m\u00e4rkis Kuningas. \u201eOotused kasvavad oluliselt. Inimesed teevad kohati isegi rohkem t\u00f6\u00f6d, lihtsalt \u00fclesanded saavad kiiremini valmis. Sellele j\u00e4rgnevad aga juba uued n\u00f5udmised.\u201c<\/p>\n<p>Kuningas v\u00f5ttis muutuse tempo kokku v\u00f5rdlusega, et kui varem m\u00e4ngiti malet, siis n\u00fc\u00fcd on m\u00e4ng muutunud pigem squash\u2019iks. Tempo kasvab, mis t\u00e4hendab, et riigit\u00f6\u00f6tajalt oodatakse \u00fcha rohkem \u00f5ppimisv\u00f5imet, kriitilist m\u00f5tlemist ja valmisolekut oma t\u00f6\u00f6viisi kohandada.<\/p>\n<p>Kuidas see lugu Sind end tundma pani?Saada<a href=\"https:\/\/arileht.delfi.ee\/a\/120604963\/tehisaru-kiirendab-riigitood-kuid-koik-tootajad-pole-muutusteks-valmis\/kommentaarid\" class=\"button button--primary button--size-auto article-body-bottom__comment article-body-bottom__comment--write\" style=\"\" rel=\"nofollow noopener\" target=\"_blank\">Kommenteeri<\/a><a href=\"https:\/\/arileht.delfi.ee\/a\/120604963\/tehisaru-kiirendab-riigitood-kuid-koik-tootajad-pole-muutusteks-valmis\/kommentaarid\" class=\"button button--size-auto article-body-bottom__comment article-body-bottom__comment--read\" style=\"\" rel=\"nofollow noopener\" target=\"_blank\">Loe kommentaare (2)<\/a><\/p>\n","protected":false},"excerpt":{"rendered":"RITi Pilvep\u00e4eva arutelul arutlesid avaliku sektori esindajad, mida on tehisaru kasutuselev\u00f5tuks vaja nii t\u00f6\u00f6tajalt kui ka organisatsioonilt. Jutuks&hellip;\n","protected":false},"author":2,"featured_media":256611,"comment_status":"","ping_status":"","sticky":false,"template":"","format":"standard","meta":{"footnotes":"","_share_on_mastodon":"0"},"categories":[14],"tags":[375,131,1015,130,37,33,35,34,36,4065,2871,100195,814],"class_list":["post-256610","post","type-post","status-publish","format-standard","has-post-thumbnail","category-ari","tag-ai","tag-ari","tag-avalik-sektor","tag-business","tag-ee","tag-eesti","tag-eesti-keel","tag-estonia","tag-estonian","tag-majandus-ja-kommunikatsiooniministeerium","tag-maksu-ja-tolliamet","tag-riigi-infokommunikatsiooni-sihtasutus","tag-tehisaru"],"share_on_mastodon":{"url":"https:\/\/pubeurope.com\/@ee\/117127675285895434","error":""},"_links":{"self":[{"href":"https:\/\/www.europesays.com\/ee\/wp-json\/wp\/v2\/posts\/256610","targetHints":{"allow":["GET"]}}],"collection":[{"href":"https:\/\/www.europesays.com\/ee\/wp-json\/wp\/v2\/posts"}],"about":[{"href":"https:\/\/www.europesays.com\/ee\/wp-json\/wp\/v2\/types\/post"}],"author":[{"embeddable":true,"href":"https:\/\/www.europesays.com\/ee\/wp-json\/wp\/v2\/users\/2"}],"replies":[{"embeddable":true,"href":"https:\/\/www.europesays.com\/ee\/wp-json\/wp\/v2\/comments?post=256610"}],"version-history":[{"count":0,"href":"https:\/\/www.europesays.com\/ee\/wp-json\/wp\/v2\/posts\/256610\/revisions"}],"wp:featuredmedia":[{"embeddable":true,"href":"https:\/\/www.europesays.com\/ee\/wp-json\/wp\/v2\/media\/256611"}],"wp:attachment":[{"href":"https:\/\/www.europesays.com\/ee\/wp-json\/wp\/v2\/media?parent=256610"}],"wp:term":[{"taxonomy":"category","embeddable":true,"href":"https:\/\/www.europesays.com\/ee\/wp-json\/wp\/v2\/categories?post=256610"},{"taxonomy":"post_tag","embeddable":true,"href":"https:\/\/www.europesays.com\/ee\/wp-json\/wp\/v2\/tags?post=256610"}],"curies":[{"name":"wp","href":"https:\/\/api.w.org\/{rel}","templated":true}]}}