{"id":256654,"date":"2026-08-20T12:52:09","date_gmt":"2026-08-20T12:52:09","guid":{"rendered":"https:\/\/www.europesays.com\/ee\/256654\/"},"modified":"2026-08-20T12:52:09","modified_gmt":"2026-08-20T12:52:09","slug":"noor-rezissoor-tuli-kodulinna-tegema-autobiograafilist-mangufilmi","status":"publish","type":"post","link":"https:\/\/www.europesays.com\/ee\/256654\/","title":{"rendered":"Noor re\u017eiss\u00f6\u00f6r tuli kodulinna tegema autobiograafilist m\u00e4ngufilmi"},"content":{"rendered":"<p class=\"western\">Filmi \u201eM\u00f5tle millestki ilusast\u201c peategelased on k\u00fcmne- ja kaheksa-aastased t\u00fcdrukud Sigrit ja Ingrid, keda kehastavad noored n\u00e4itlejad Katarina Kaju ja Regina \u017dem\u017eurova. P\u00e4evad l\u00e4bi t\u00f6\u00f6l k\u00e4iva ema Kristini rollis astub \u00fcles Doris Tilk ja kasuisa Slavat, kelle hoole alla t\u00fcdrukud j\u00e4\u00e4vad, m\u00e4ngib l\u00e4ti n\u00e4itleja Andrejs Alens.<\/p>\n<p class=\"western\">Mullu <a rel=\"noopener nofollow\" target=\"_blank\" href=\"https:\/\/www.delfi.ee\/teema\/26499377\/poff\" tag-id=\"26499377\">P\u00d6FFil<\/a> parima l\u00fchifilmi preemia v\u00f5itnud re\u017eiss\u00f6\u00f6ri ja stsenaristi Elisabeth Ku\u017eovniku s\u00f5nul r\u00e4\u00e4gib \u00fcleskasvamise lugu \u201eM\u00f5tle millestki ilusast\u201c p\u00f5lvkonnast, kes ei leidnud \u00fchiskonnas oma kohta.<\/p>\n<p class=\"western\">\u201eN\u00f5ukogude aja j\u00e4rgne Eesti oli kui metsik l\u00e4\u00e4s, mille tagaj\u00e4rgedega pidid toime tulema j\u00e4rgmised p\u00f5lvkonnad. Lapsena ehk ei vaadanud ma eluolu sellise pilguga, ent t\u00e4iskasvanuna m\u00f5istan, kui palju ebav\u00f5rdsust meie \u00fcmber oli. Samas elati ja anti ikkagi endast nii palju, kui osati,\u201c r\u00e4\u00e4kis Ku\u017eovnik.<\/p>\n<p class=\"western\">Re\u017eiss\u00f6\u00f6r r\u00f5hutas, et kuigi filmi peategelased on lapsed, ei ole tegu lastefilmiga. \u201eFilm on inspireeritud minu enda lapsep\u00f5lvest. See on tugev nostalgialaks neile, kes olid sajandivahetuse paiku teismeeas. Samas pakub film palju \u00e4ratundmist neile, kes on \u00fcles kasvanud v\u00e4hem traditsioonilises perekonnas ja kogenud teistsugust pered\u00fcnaamikat. Loo juhtiv m\u00f5te on, et inimene ei saa valida, millisesse keskkonda ta s\u00fcnnib v\u00f5i kuidas ta \u00fcles kasvab, kuid ta saab valida, milliseks inimeseks ta kujuneb,\u201c kirjeldas Ku\u017eovnik filmi.<\/p>\n<p class=\"western\"><a rel=\"noopener nofollow\" target=\"_blank\" href=\"https:\/\/www.delfi.ee\/teema\/96935664\/nafta-films\" tag-id=\"96935664\">Nafta Filmsi<\/a> produtsendi Laura Raua s\u00f5nul k\u00f6itis neid Ku\u017eovniku loo autentsus. \u201eElisabethil on selge autorih\u00e4\u00e4l ja oskus r\u00e4\u00e4kida rasketest teemadest ilma kellelegi s\u00f5rmega osutamata. Sellist materjali, mis on \u00fchtaegu v\u00e4ga isiklik, ent pakub samal ajal paljudele siiski \u00e4ratundmist, ei tule tihti ette,\u201c \u00fctles ta.<\/p>\n<p class=\"western\">Film j\u00f5uab Eesti kinolevisse j\u00e4rgmise aasta s\u00fcgisel.<\/p>\n<p>Kuidas see lugu Sind end tundma pani?Saada<a href=\"https:\/\/maaleht.delfi.ee\/artikkel\/120603044\/noor-rezissoor-tuli-kodulinna-tegema-autobiograafilist-mangufilmi\/kommentaarid\" class=\"button button--primary button--size-auto article-body-bottom__comment article-body-bottom__comment--write\" style=\"\" rel=\"nofollow noopener\" target=\"_blank\">Kommenteeri<\/a><a href=\"https:\/\/maaleht.delfi.ee\/artikkel\/120603044\/noor-rezissoor-tuli-kodulinna-tegema-autobiograafilist-mangufilmi\/kommentaarid\" class=\"button button--size-auto article-body-bottom__comment article-body-bottom__comment--read\" style=\"\" rel=\"nofollow noopener\" target=\"_blank\">Loe kommentaare <\/a><\/p>\n","protected":false},"excerpt":{"rendered":"Filmi \u201eM\u00f5tle millestki ilusast\u201c peategelased on k\u00fcmne- ja kaheksa-aastased t\u00fcdrukud Sigrit ja Ingrid, keda kehastavad noored n\u00e4itlejad Katarina&hellip;\n","protected":false},"author":2,"featured_media":256655,"comment_status":"","ping_status":"","sticky":false,"template":"","format":"standard","meta":{"footnotes":"","_share_on_mastodon":"0"},"categories":[14],"tags":[131,130,37,33,35,34,36,8504,11103,34751,1421,2870],"class_list":["post-256654","post","type-post","status-publish","format-standard","has-post-thumbnail","category-ari","tag-ari","tag-business","tag-ee","tag-eesti","tag-eesti-keel","tag-estonia","tag-estonian","tag-filmivotted","tag-mangufilm","tag-nafta-films","tag-parnu","tag-poff"],"share_on_mastodon":{"url":"https:\/\/pubeurope.com\/@ee\/117127934576915626","error":""},"_links":{"self":[{"href":"https:\/\/www.europesays.com\/ee\/wp-json\/wp\/v2\/posts\/256654","targetHints":{"allow":["GET"]}}],"collection":[{"href":"https:\/\/www.europesays.com\/ee\/wp-json\/wp\/v2\/posts"}],"about":[{"href":"https:\/\/www.europesays.com\/ee\/wp-json\/wp\/v2\/types\/post"}],"author":[{"embeddable":true,"href":"https:\/\/www.europesays.com\/ee\/wp-json\/wp\/v2\/users\/2"}],"replies":[{"embeddable":true,"href":"https:\/\/www.europesays.com\/ee\/wp-json\/wp\/v2\/comments?post=256654"}],"version-history":[{"count":0,"href":"https:\/\/www.europesays.com\/ee\/wp-json\/wp\/v2\/posts\/256654\/revisions"}],"wp:featuredmedia":[{"embeddable":true,"href":"https:\/\/www.europesays.com\/ee\/wp-json\/wp\/v2\/media\/256655"}],"wp:attachment":[{"href":"https:\/\/www.europesays.com\/ee\/wp-json\/wp\/v2\/media?parent=256654"}],"wp:term":[{"taxonomy":"category","embeddable":true,"href":"https:\/\/www.europesays.com\/ee\/wp-json\/wp\/v2\/categories?post=256654"},{"taxonomy":"post_tag","embeddable":true,"href":"https:\/\/www.europesays.com\/ee\/wp-json\/wp\/v2\/tags?post=256654"}],"curies":[{"name":"wp","href":"https:\/\/api.w.org\/{rel}","templated":true}]}}