{"id":256678,"date":"2026-08-20T13:28:24","date_gmt":"2026-08-20T13:28:24","guid":{"rendered":"https:\/\/www.europesays.com\/ee\/256678\/"},"modified":"2026-08-20T13:28:24","modified_gmt":"2026-08-20T13:28:24","slug":"eesti-rahvaarv-on-13-protsenti-vaiksem-kui-35-aasta-eest-eesti","status":"publish","type":"post","link":"https:\/\/www.europesays.com\/ee\/256678\/","title":{"rendered":"Eesti rahvaarv on 13 protsenti v\u00e4iksem kui 35 aasta eest | Eesti"},"content":{"rendered":"<p>V\u00f5rreldes 1991. aastaga, mil Eesti taasiseseisvus, on Eesti rahvaarv v\u00e4henenud 207 004 inimese v\u00f5rra, oodatav eluiga aga pikenenud k\u00fcmne aasta v\u00f5rra.<\/p>\n<p>Kui 1991. aastal oli Eesti rahvaarv ligi 1,568 miljonit inimest, siis selle aasta 1. jaanuari seisuga elab Eestis inimesi 13 protsendi v\u00f5rra v\u00e4hem ehk ligi 1,361 miljonit, teatas statistikaamet \u00fclevaates Eestis 35 aastaga toimunud muudatustest.<\/p>\n<p>Eestlaste osat\u00e4htsus rahvastikus on kasvanud 35 aasta taguse 61,6 protsendi juurest 68,5 protsendini 2026. aastal.<\/p>\n<p>Oodatav eluiga on pikenenud k\u00fcmne aasta v\u00f5rra 69,6 aastalt 79,8 aastani. Esmas\u00fcnnitajate keskmine vanus on kasvanud 1991. aasta 22,6 aasta juurest eelmiseks aastaks 29,4-ni.<\/p>\n<p>Aastal, mil Eesti taasiseseisvus, olid k\u00f5ige populaarsemad nimed Martin ja Kristina ning lapsi s\u00fcndis 19 413. Eelmisel aastal pandi lastele k\u00f5ige rohkem nimeks Mark ja Sofia, kuid s\u00fcndide arv oli 10 173 ehk 52 protsenti v\u00e4iksem kui toona.<\/p>\n<p>V\u00e4henenud on ka abielude s\u00f5lmimine. Mullu abielluti 5998 korral, 1991. aastal aga 10 292 korral.<\/p>\n<p>Keskmine brutopalk on iseseisvusaastatel kasvanud ligi 60 korda: 1992. aastal oli see 35 eurot, eelmisel aastal 2092 eurot.<\/p>\n<p>Suur muutus on 35 aasta tagusega v\u00f5rreldes ka p\u00f5llumajanduses, sealhulgas metsanduses ja kalanduses t\u00f6\u00f6tavate inimeste arvus, mis toona oli 152 000, mullu aga 19 700. Seega t\u00f6\u00f6tab neis valdkondades praegu ligi kaheksa korda v\u00e4hem inimesi kui taasiseseisvumise ajal.<\/p>\n<p>Tegutsevaid ettev\u00f5tteid on aga seitse korda rohkem kui 1990-ndate keskpaigas, mil neid oli veidi alla 24 000, 2024. aastal aga ligi 160 000.<\/p>\n","protected":false},"excerpt":{"rendered":"V\u00f5rreldes 1991. aastaga, mil Eesti taasiseseisvus, on Eesti rahvaarv v\u00e4henenud 207 004 inimese v\u00f5rra, oodatav eluiga aga pikenenud&hellip;\n","protected":false},"author":2,"featured_media":256679,"comment_status":"","ping_status":"","sticky":false,"template":"","format":"standard","meta":{"footnotes":"","_share_on_mastodon":"0"},"categories":[5],"tags":[26,27,37,33,35,10703,34,36,31,32,21,28,29,19,25,2559,23,24,22,20,30],"class_list":["post-256678","post","type-post","status-publish","format-standard","has-post-thumbnail","category-uldised-uudised","tag-breaking-news","tag-breakingnews","tag-ee","tag-eesti","tag-eesti-keel","tag-eesti-rahvaarv","tag-estonia","tag-estonian","tag-featured-news","tag-featurednews","tag-headlines","tag-latest-news","tag-latestnews","tag-news","tag-populaarseimad-lood","tag-statistikaamet","tag-top-stories","tag-topstories","tag-uldised-uudised","tag-uudised","tag-viimased-uudised"],"share_on_mastodon":{"url":"https:\/\/pubeurope.com\/@ee\/117128076184978096","error":""},"_links":{"self":[{"href":"https:\/\/www.europesays.com\/ee\/wp-json\/wp\/v2\/posts\/256678","targetHints":{"allow":["GET"]}}],"collection":[{"href":"https:\/\/www.europesays.com\/ee\/wp-json\/wp\/v2\/posts"}],"about":[{"href":"https:\/\/www.europesays.com\/ee\/wp-json\/wp\/v2\/types\/post"}],"author":[{"embeddable":true,"href":"https:\/\/www.europesays.com\/ee\/wp-json\/wp\/v2\/users\/2"}],"replies":[{"embeddable":true,"href":"https:\/\/www.europesays.com\/ee\/wp-json\/wp\/v2\/comments?post=256678"}],"version-history":[{"count":0,"href":"https:\/\/www.europesays.com\/ee\/wp-json\/wp\/v2\/posts\/256678\/revisions"}],"wp:featuredmedia":[{"embeddable":true,"href":"https:\/\/www.europesays.com\/ee\/wp-json\/wp\/v2\/media\/256679"}],"wp:attachment":[{"href":"https:\/\/www.europesays.com\/ee\/wp-json\/wp\/v2\/media?parent=256678"}],"wp:term":[{"taxonomy":"category","embeddable":true,"href":"https:\/\/www.europesays.com\/ee\/wp-json\/wp\/v2\/categories?post=256678"},{"taxonomy":"post_tag","embeddable":true,"href":"https:\/\/www.europesays.com\/ee\/wp-json\/wp\/v2\/tags?post=256678"}],"curies":[{"name":"wp","href":"https:\/\/api.w.org\/{rel}","templated":true}]}}