{"id":256726,"date":"2026-08-20T14:56:13","date_gmt":"2026-08-20T14:56:13","guid":{"rendered":"https:\/\/www.europesays.com\/ee\/256726\/"},"modified":"2026-08-20T14:56:13","modified_gmt":"2026-08-20T14:56:13","slug":"red-bullis-jatkav-verstappen-olin-lahemal-karjaari-lopetamisele-kui-tiimivahetusele","status":"publish","type":"post","link":"https:\/\/www.europesays.com\/ee\/256726\/","title":{"rendered":"Red Bullis j\u00e4tkav Verstappen: olin l\u00e4hemal karj\u00e4\u00e4ri l\u00f5petamisele kui tiimivahetusele"},"content":{"rendered":"<p>28-aastast vormelis\u00f5itjat on meedias juba paar hooaega seostatud Mercedesega ning t\u00e4navu ka McLareniga. Sky Sportsi teatel oli Verstappeni tiim McLareniga \u00fchel hetkel ka suhtluses.<\/p>\n<p>Samuti ei v\u00e4listatud varianti, et Verstappen t\u00f5mbab F1-karj\u00e4\u00e4rile sootuks joone alla. Red Bulli piloot on s\u00f5itjatest olnud \u00fcks h\u00e4\u00e4lekamaid t\u00e4navusest aastast kehtima hakanud tehniliste regulatsioonide kritiseerijaid. Hollandlane pole teinud saladust, et talle pakuvad huvi ka teised sarjad &#8211; ta on viimasel kahel hooajal teinud m\u00f5ne v\u00f5istluse ka kereautode sarjades &#8211; ning teda ei huvita vormel 1 rekordite jahtimine.<\/p>\n<p>Lisaks oli Red Bull k\u00e4imasoleva hooaja alguses teistest tipptiimidest maas. Viimaste etappidega on pilt l\u00e4inud siiski paremaks, Verstappen on viimasest neljast GP-st kolmel l\u00f5petanud poodiumil. 109 punktiga on ta tabelis kuues. Neljap\u00e4eval selgus, et Verstappen j\u00e4tkab siiski kuninglikus vormelisarjas ja seda pikaaegses kodutiimis. Uus leping Red Bulliga kehtib 2030. aasta l\u00f5puni.<\/p>\n<p>Hollandi GP eelsel pressikonverentsil r\u00e4\u00e4kis ta ka l\u00e4hemalt otsuse tagamaadest. Verstappenilt k\u00fcsiti, kui t\u00f5siselt oli \u00f5hus variant, et tema tulevik ei j\u00e4tku Red Bullis.<\/p>\n<p>\u201eArvan, et olin l\u00e4hemal karj\u00e4\u00e4ri l\u00f5petamisele kui tiimivahetusele,\u201c vahendas Sky Sports neljakordse maailmameistri s\u00f5nu. Ta ei soovinud kinnitada, kas m\u00f5ni teine v\u00f5istkond talle pakkumise tegi. \u201eSeal pole enam mingit vahet, kas pole? V\u00e4hemalt minu jaoks mitte.\u201c<\/p>\n<p>Verstappen lisas, et teda m\u00f5jutas j\u00e4tkama ka asjaolu, et tehnilistes reeglites tehakse muudatusi. Eriti hooaja alguses kritiseerisid mitmed s\u00f5itjad, et senise 50:50 energialahenduse puhul ei loe enam s\u00f5iduoskused, vaid aku laadimine. Peale asjaosaliste l\u00e4bir\u00e4\u00e4kimisi muudeti aga juba hooaja keskel veidi regulatsioone ning kaheks j\u00e4rgmiseks hooajaks v\u00e4heneb elektrij\u00f5u kasutamise osa veelgi.<\/p>\n<p>\u201ePeale esimest paari etappi \u00fctlesin Laurent Mekiesile (Red Bulli pealik &#8211; K.R.), et ta ei tuleks minult tuleviku kohta midagi k\u00fcsima, sest ma ei teadnud, kas tahan \u00fcldse j\u00e4tkata,\u201c tunnistas hollandlane. \u201eTegelikult oli meil siiski avatud suhtlus. Ma armastan v\u00f5idus\u00f5itu ning meil on olnud head arutelud F1 ja <a rel=\"noopener nofollow\" target=\"_blank\" href=\"https:\/\/www.delfi.ee\/teema\/24581961\/fia\" tag-id=\"24581961\">FIA<\/a>-ga (rahvusvaheline autoliit). Me t\u00f6\u00f6tame aeglaselt ikkagi asjade paremaks saamise nimel. Olen praegust olukorda aktsepteerinud ning p\u00fc\u00fcan sellest maksimumi v\u00f5tta.\u201c<\/p>\n<p>Suvepausilt naasva F1 sarja hooaeg j\u00e4tkub sel n\u00e4dalavahetusel Hollandis. Sarja liider on Mercedese noor t\u00e4ht Kimi Antonelli (219 p), kellele j\u00e4rgnevad Ferrari piloot Lewis Hamilton (169 p) ja tiimikaaslane George Russell (160 p).<\/p>\n<p>Kuidas see lugu Sind end tundma pani?Saada<a href=\"https:\/\/sport.delfi.ee\/artikkel\/120605012\/red-bullis-jatkav-verstappen-olin-lahemal-karjaari-lopetamisele-kui-tiimivahetusele\/kommentaarid\" class=\"button button--primary button--size-auto article-body-bottom__comment article-body-bottom__comment--write\" style=\"\" rel=\"nofollow noopener\" target=\"_blank\">Kommenteeri<\/a><a href=\"https:\/\/sport.delfi.ee\/artikkel\/120605012\/red-bullis-jatkav-verstappen-olin-lahemal-karjaari-lopetamisele-kui-tiimivahetusele\/kommentaarid\" class=\"button button--size-auto article-body-bottom__comment article-body-bottom__comment--read\" style=\"\" rel=\"nofollow noopener\" target=\"_blank\">Loe kommentaare <\/a><\/p>\n","protected":false},"excerpt":{"rendered":"28-aastast vormelis\u00f5itjat on meedias juba paar hooaega seostatud Mercedesega ning t\u00e4navu ka McLareniga. Sky Sportsi teatel oli Verstappeni&hellip;\n","protected":false},"author":2,"featured_media":256727,"comment_status":"","ping_status":"","sticky":false,"template":"","format":"standard","meta":{"footnotes":"","_share_on_mastodon":"0"},"categories":[5],"tags":[26,27,37,33,35,34,36,31,32,3306,21,28,29,586,19,25,94721,23,24,22,20,30,4487],"class_list":["post-256726","post","type-post","status-publish","format-standard","has-post-thumbnail","category-uldised-uudised","tag-breaking-news","tag-breakingnews","tag-ee","tag-eesti","tag-eesti-keel","tag-estonia","tag-estonian","tag-featured-news","tag-featurednews","tag-fia","tag-headlines","tag-latest-news","tag-latestnews","tag-max-verstappen","tag-news","tag-populaarseimad-lood","tag-red-bull-racing","tag-top-stories","tag-topstories","tag-uldised-uudised","tag-uudised","tag-viimased-uudised","tag-vormel-1"],"share_on_mastodon":{"url":"https:\/\/pubeurope.com\/@ee\/117128421946745748","error":""},"_links":{"self":[{"href":"https:\/\/www.europesays.com\/ee\/wp-json\/wp\/v2\/posts\/256726","targetHints":{"allow":["GET"]}}],"collection":[{"href":"https:\/\/www.europesays.com\/ee\/wp-json\/wp\/v2\/posts"}],"about":[{"href":"https:\/\/www.europesays.com\/ee\/wp-json\/wp\/v2\/types\/post"}],"author":[{"embeddable":true,"href":"https:\/\/www.europesays.com\/ee\/wp-json\/wp\/v2\/users\/2"}],"replies":[{"embeddable":true,"href":"https:\/\/www.europesays.com\/ee\/wp-json\/wp\/v2\/comments?post=256726"}],"version-history":[{"count":0,"href":"https:\/\/www.europesays.com\/ee\/wp-json\/wp\/v2\/posts\/256726\/revisions"}],"wp:featuredmedia":[{"embeddable":true,"href":"https:\/\/www.europesays.com\/ee\/wp-json\/wp\/v2\/media\/256727"}],"wp:attachment":[{"href":"https:\/\/www.europesays.com\/ee\/wp-json\/wp\/v2\/media?parent=256726"}],"wp:term":[{"taxonomy":"category","embeddable":true,"href":"https:\/\/www.europesays.com\/ee\/wp-json\/wp\/v2\/categories?post=256726"},{"taxonomy":"post_tag","embeddable":true,"href":"https:\/\/www.europesays.com\/ee\/wp-json\/wp\/v2\/tags?post=256726"}],"curies":[{"name":"wp","href":"https:\/\/api.w.org\/{rel}","templated":true}]}}