{"id":256750,"date":"2026-08-20T15:51:09","date_gmt":"2026-08-20T15:51:09","guid":{"rendered":"https:\/\/www.europesays.com\/ee\/256750\/"},"modified":"2026-08-20T15:51:09","modified_gmt":"2026-08-20T15:51:09","slug":"lati-voimud-said-milremi-hoone-suutamise-uurimises-uut-toendusmaterjali-delfi","status":"publish","type":"post","link":"https:\/\/www.europesays.com\/ee\/256750\/","title":{"rendered":"L\u00e4ti v\u00f5imud said Milremi hoone s\u00fc\u00fctamise uurimises uut t\u00f5endusmaterjali &#8211; Delfi"},"content":{"rendered":"<ol>\n<li><a href=\"https:\/\/news.google.com\/rss\/articles\/CBMiqAFBVV95cUxNZDBjYkhQaEs1Y1V2bnpnbmQ2YmVvTDZhZkVhbmtoa25vOEpOWmtTTTdQbkFpb1RVMWVKeGtJNkFHMzQwbjg1NFhkVzFncXVnS0pudmZteWRhallmVjRTNm9mVUVoYXJobXM2QUZzbFRnZm9iUUNRVGVXb3NfdjJWT0V3eEI4NEtTOVpYQUtJTGFqNzRSTUszYUpKOGdNckQ0YmFna3llOXc?oc=5\" target=\"_blank\" rel=\"nofollow noopener\">L\u00e4ti v\u00f5imud said Milremi hoone s\u00fc\u00fctamise uurimises uut t\u00f5endusmaterjali<\/a>&nbsp;&nbsp;Delfi<\/li>\n<li><a href=\"https:\/\/news.google.com\/rss\/articles\/CBMiqgFBVV95cUxNbGRxUndoYXJ2ZEs2SHpIS2JfbXNncm5TdWpNOWo5Ump4cFVNOXlxLXQ4WDZhc0o5S0xnd1hjaFZIUmNoVWExVXJmdkU1b01wUHljdGNaVWhtN0laeWo0elFpOVhSd2l4b3dRVWpsUFJyNDJiTDVmZTJZNWJ1cTlaNFJHbnJianpNOVRVc1ZtMXVWbUwtM2N6dXF3TUx6WnIwTG9MMnYzS1J1dw?oc=5\" target=\"_blank\" rel=\"nofollow noopener\">Milrem Roboticsi s\u00fc\u00fctamine oli tahtlik, kolm kahtlusalust peeti L\u00e4tis kinni<\/a>&nbsp;&nbsp;\u00d5htuleht<\/li>\n<li><a href=\"https:\/\/news.google.com\/rss\/articles\/CBMisAFBVV95cUxNSkFzblpnUnZuNEZLUlQwNmkzVlE4RGxVQ29fYjJMeXNXVzJlZGFQQzQ2cVNBN1h0WTUwR2pPUkRRRWZWUElaVGExRGJVTGJwT1RYMnZFRThhYXhzUHpveklCZEtMajRnbVZidjZVb25paktia1NMWGlZU2VrdFk2NFBNNXRhbE1aWG84N3VNdUQ5YTUyUEI4dDlVM2pJWkJFMzJfUGJBX29HblY2Sy10eg?oc=5\" target=\"_blank\" rel=\"nofollow noopener\">FOTOD \u27e9 Riigikogu ja 20. Augusti Klubi pidasid \u00fchisistungi<\/a>&nbsp;&nbsp;Inbox.eu<\/li>\n<li><a href=\"https:\/\/news.google.com\/rss\/articles\/CBMirgFBVV95cUxOcU9RMU83MVJsLUhOSE9hOHFiR2d6ZlY0NmlvWllKY3YxU1VLYWlFTFNIUG5HTGd4VE9BNWgzSnBwUWZDeW9IVThlendoUF8zZG1xT2FoSHczWVU1VXlwbDZCZVZxajhGbVAzRmpHYXBfb1EyX1YyeVhIVkpWNzlhcVVUNFNGZEZqenVnMVZESGZmUE12dTVYcHZkQmNMT2JWbk9KLUpMU3V5dGlRZWc?oc=5\" target=\"_blank\" rel=\"nofollow noopener\">Michal Milremi p\u00f5lengust: kontrollitakse, kas s\u00fc\u00fctamise taga on Venemaa<\/a>&nbsp;&nbsp;Delfi<\/li>\n<li><a href=\"https:\/\/news.google.com\/rss\/articles\/CBMiSEFVX3lxTE9ucTBkalVWOXR3NWdRQk80RXZUTlY4U3NTLTMxT3ljSXUtUXV0dEM5THIzM05zN3FEY2JrQTljbHd2eGhFNXFiSQ?oc=5\" target=\"_blank\" rel=\"nofollow noopener\">Aktuaalne kaamera. Ilm: Esimesed Rootsi vangid j\u00f5udsid Tartu vanglasse<\/a>&nbsp;&nbsp;Jupiter | ERR<\/li>\n<\/ol>\n","protected":false},"excerpt":{"rendered":"L\u00e4ti v\u00f5imud said Milremi hoone s\u00fc\u00fctamise uurimises uut t\u00f5endusmaterjali&nbsp;&nbsp;Delfi Milrem Roboticsi s\u00fc\u00fctamine oli tahtlik, kolm kahtlusalust peeti L\u00e4tis&hellip;\n","protected":false},"author":2,"featured_media":256751,"comment_status":"","ping_status":"","sticky":false,"template":"","format":"standard","meta":{"footnotes":"","_share_on_mastodon":"0"},"categories":[5],"tags":[26,27,37,33,35,34,36,31,32,21,646,2264,28,29,8549,19,25,4344,9577,23,24,22,20,30],"class_list":["post-256750","post","type-post","status-publish","format-standard","has-post-thumbnail","category-uldised-uudised","tag-breaking-news","tag-breakingnews","tag-ee","tag-eesti","tag-eesti-keel","tag-estonia","tag-estonian","tag-featured-news","tag-featurednews","tag-headlines","tag-kristen-michal","tag-lasnamae","tag-latest-news","tag-latestnews","tag-milrem-robotics","tag-news","tag-populaarseimad-lood","tag-sabotaaz","tag-suutamine","tag-top-stories","tag-topstories","tag-uldised-uudised","tag-uudised","tag-viimased-uudised"],"share_on_mastodon":{"url":"https:\/\/pubeurope.com\/@ee\/117128638333258940","error":""},"_links":{"self":[{"href":"https:\/\/www.europesays.com\/ee\/wp-json\/wp\/v2\/posts\/256750","targetHints":{"allow":["GET"]}}],"collection":[{"href":"https:\/\/www.europesays.com\/ee\/wp-json\/wp\/v2\/posts"}],"about":[{"href":"https:\/\/www.europesays.com\/ee\/wp-json\/wp\/v2\/types\/post"}],"author":[{"embeddable":true,"href":"https:\/\/www.europesays.com\/ee\/wp-json\/wp\/v2\/users\/2"}],"replies":[{"embeddable":true,"href":"https:\/\/www.europesays.com\/ee\/wp-json\/wp\/v2\/comments?post=256750"}],"version-history":[{"count":0,"href":"https:\/\/www.europesays.com\/ee\/wp-json\/wp\/v2\/posts\/256750\/revisions"}],"wp:featuredmedia":[{"embeddable":true,"href":"https:\/\/www.europesays.com\/ee\/wp-json\/wp\/v2\/media\/256751"}],"wp:attachment":[{"href":"https:\/\/www.europesays.com\/ee\/wp-json\/wp\/v2\/media?parent=256750"}],"wp:term":[{"taxonomy":"category","embeddable":true,"href":"https:\/\/www.europesays.com\/ee\/wp-json\/wp\/v2\/categories?post=256750"},{"taxonomy":"post_tag","embeddable":true,"href":"https:\/\/www.europesays.com\/ee\/wp-json\/wp\/v2\/tags?post=256750"}],"curies":[{"name":"wp","href":"https:\/\/api.w.org\/{rel}","templated":true}]}}