{"id":256752,"date":"2026-08-20T15:58:19","date_gmt":"2026-08-20T15:58:19","guid":{"rendered":"https:\/\/www.europesays.com\/ee\/256752\/"},"modified":"2026-08-20T15:58:19","modified_gmt":"2026-08-20T15:58:19","slug":"welco-mangis-korraks-20-edu-maha-aga-voitis-tanu-mugra-karistusloogile-soccernet-ee","status":"publish","type":"post","link":"https:\/\/www.europesays.com\/ee\/256752\/","title":{"rendered":"Welco m\u00e4ngis korraks 2:0 edu maha, aga v\u00f5itis t\u00e4nu Mugra karistusl\u00f6\u00f6gile &#8211; Soccernet.ee"},"content":{"rendered":"<p><img decoding=\"async\" src=\"https:\/\/www.europesays.com\/ee\/wp-content\/uploads\/2026\/08\/1787236152.jpg\" alt=\"Mark William Mugra. Foto: Katariina Peetson \/ jalgpall.ee\"\/>&#13;\n<\/p>\n<p>Liider Tartu Welco m\u00e4ngis Esiliiga 24. vooru kohtumises korraks 2:0 eduseisu maha, aga p\u00e4\u00e4ses t\u00e4nu Mark William Mugra oivalisele karistusl\u00f6\u00f6gile uuesti juhtima ja v\u00f5itis l\u00f5puks 4:2. Tartlaste vastaseks oli Tallinna Levadia U21.<\/p>\n<p>Skoor avati 28. minutil. Uku Malki r\u00f6\u00f6vis levadialaste karistusala l\u00e4hedal Aleksei T\u0161ernjakovilt palli ja s\u00f6\u00f6tis Kenlou Laasnerile, kes sahistas v\u00f5rku. Laasneril on Esiliiga parima v\u00e4ravak\u00fctina kirjas n\u00fc\u00fcd juba 27 tabamust.&#13;\n<\/p>\n<p>Malki ise oli teise v\u00e4rava autoriks, kui j\u00f5udis trahvikastis lahtise pallini ja l\u00f5i puurivaht Sander Lepa k\u00e4e kaudu 2:0. Avapoolaja l\u00f5pus v\u00e4hendas vahet Fjodor Rodionov, kes tr\u00fcgis palliga kahe kaitsja vahelt karistusalasse ja skooris terava nurga alt.&#13;\n<\/p>\n<p>Korneri olukorras viigistas teisel poolajal seisu Andreas Kompus. Aga Mugra tulistas karistusl\u00f6\u00f6gi \u00fcle m\u00fc\u00fcri otse l\u00e4himasse \u00fclanurka ning Enrico Veensalu s\u00f6\u00f6dust vormistas vahetusmeeste kombinatsioonis l\u00f5ppseisu Rendo Roots.<\/p>\n<p>Welco edumaa l\u00e4hima j\u00e4litaja Viimsi JK ees on n\u00fc\u00fcd k\u00fcmnepunktiline, Viimsil on k\u00fcll \u00fcks m\u00e4ng varuks. Levadia U21 j\u00e4tkab seitsmendal kohal.&#13;\n<\/p>\n<p>Head hoogu n\u00e4itab tabelis viiendal kohal asuv\u00a0Tallinna Kalev, kes on teeninud viimase viie liigam\u00e4nguga neli v\u00f5itu ja \u00fche viigi. T\u00e4na sai Kalev jagu tabeli p\u00f5hjas virelevast N\u00f5mme Kalju U21-st 3:0. Vadim Mihhailovi t\u00f5ste j\u00e4rel l\u00f5i peaga avav\u00e4rava Raiko Ilves, kes oli standardolukorras ka kohtumise teise tabamuse autoriks. L\u00f5ppseisu vormistas \u00fcleminutitel Oscar De Pizzol, kelle pealel\u00f6\u00f6k v\u00f5ttis tugeva riko\u0161eti.&#13;\n<\/p>\n<p>P\u00fcsimaj\u00e4\u00e4misheitlust pidavad FC Tallinn ja N\u00f5mme United U21 tegid omavahel 1:1 viigi. Hendrik Rei l\u00e4bis\u00f6\u00f6du j\u00e4rel paigutas Kert Tomingas palli tagumisse alanurka, viies Unitedi juhtima. Aga FC Tallinn v\u00f5rdsustas seisu, kui Stefan T\u0161endei tsenderdas, Artjom Toropov j\u00e4tkas peaga palli v\u00e4rava ette ja Leonid Arhipov skooris peaga. United U21 j\u00e4tkab kaheksandal ja kaks punkti v\u00e4hem kogunud FC Tallinn \u00fcheksandal positsioonil. Kaheksas koht viib hooaja l\u00f5pus \u00fcleminekum\u00e4ngudele.&#13;<\/p>\n","protected":false},"excerpt":{"rendered":"&#13; Liider Tartu Welco m\u00e4ngis Esiliiga 24. vooru kohtumises korraks 2:0 eduseisu maha, aga p\u00e4\u00e4ses t\u00e4nu Mark William&hellip;\n","protected":false},"author":2,"featured_media":256753,"comment_status":"","ping_status":"","sticky":false,"template":"","format":"standard","meta":{"footnotes":"","_share_on_mastodon":"0"},"categories":[18],"tags":[37,33,35,1466,34,36,12955,1467,1618,1619,2327,2328,100223,100224,13371,10844,85744,159,158,13373,1474,1476],"class_list":["post-256752","post","type-post","status-publish","format-standard","has-post-thumbnail","category-sport","tag-ee","tag-eesti","tag-eesti-keel","tag-esiliiga","tag-estonia","tag-estonian","tag-fc-nomme-united-u21","tag-fc-tallinn","tag-jk-tallinna-kalev","tag-kalev","tag-kalju-u21","tag-levadia-u21","tag-mark-william-mugra","tag-mugra","tag-nomme-kalju-fc-u21","tag-nomme-united-u21","tag-raiko-ilves","tag-sport","tag-sports","tag-tallinna-fci-levadia-u21","tag-tartu-jk-welco","tag-welco"],"share_on_mastodon":{"url":"https:\/\/pubeurope.com\/@ee\/117128666261233997","error":""},"_links":{"self":[{"href":"https:\/\/www.europesays.com\/ee\/wp-json\/wp\/v2\/posts\/256752","targetHints":{"allow":["GET"]}}],"collection":[{"href":"https:\/\/www.europesays.com\/ee\/wp-json\/wp\/v2\/posts"}],"about":[{"href":"https:\/\/www.europesays.com\/ee\/wp-json\/wp\/v2\/types\/post"}],"author":[{"embeddable":true,"href":"https:\/\/www.europesays.com\/ee\/wp-json\/wp\/v2\/users\/2"}],"replies":[{"embeddable":true,"href":"https:\/\/www.europesays.com\/ee\/wp-json\/wp\/v2\/comments?post=256752"}],"version-history":[{"count":0,"href":"https:\/\/www.europesays.com\/ee\/wp-json\/wp\/v2\/posts\/256752\/revisions"}],"wp:featuredmedia":[{"embeddable":true,"href":"https:\/\/www.europesays.com\/ee\/wp-json\/wp\/v2\/media\/256753"}],"wp:attachment":[{"href":"https:\/\/www.europesays.com\/ee\/wp-json\/wp\/v2\/media?parent=256752"}],"wp:term":[{"taxonomy":"category","embeddable":true,"href":"https:\/\/www.europesays.com\/ee\/wp-json\/wp\/v2\/categories?post=256752"},{"taxonomy":"post_tag","embeddable":true,"href":"https:\/\/www.europesays.com\/ee\/wp-json\/wp\/v2\/tags?post=256752"}],"curies":[{"name":"wp","href":"https:\/\/api.w.org\/{rel}","templated":true}]}}