{"id":256792,"date":"2026-08-20T17:27:26","date_gmt":"2026-08-20T17:27:26","guid":{"rendered":"https:\/\/www.europesays.com\/ee\/256792\/"},"modified":"2026-08-20T17:27:26","modified_gmt":"2026-08-20T17:27:26","slug":"aue-peatab-kogu-kaubanduse-iraaniga","status":"publish","type":"post","link":"https:\/\/www.europesays.com\/ee\/256792\/","title":{"rendered":"A\u00dcE peatab kogu kaubanduse Iraaniga"},"content":{"rendered":"<p>Abu Dhabi teatas teisip\u00e4eval majandussuhete peatamisest p\u00e4rast seda, kui Iraan tulistas riigi suunas kaks ballistilist raketti. Otsus katkestab sidemed \u00fche Iraani peamise kaubanduspartneriga ajal, mil Hormuzi v\u00e4ina kaudu liikuv naftavedu on langenud v\u00e4hem kui veerandini s\u00f5jaeelsest tasemest.<\/p>\n<p>Araabia \u00dchendemiraadid (A\u00dcE) on peatanud k\u00f5ik kaubandus-, \u00e4ri- ja finantstehingud Iraaniga. Majandussuhted naaberriigiga katkestati p\u00e4rast j\u00e4rjekordset raketir\u00fcnnakut, kirjutab <a target=\"_blank\" rel=\"noopener noreferrer nofollow\" href=\"https:\/\/www.euronews.com\/2026\/08\/19\/uae-halts-all-trade-and-financial-dealings-with-iran\">Euronews<\/a>.<\/p>\n","protected":false},"excerpt":{"rendered":"Abu Dhabi teatas teisip\u00e4eval majandussuhete peatamisest p\u00e4rast seda, kui Iraan tulistas riigi suunas kaks ballistilist raketti. Otsus katkestab&hellip;\n","protected":false},"author":2,"featured_media":256793,"comment_status":"","ping_status":"","sticky":false,"template":"","format":"standard","meta":{"footnotes":"","_share_on_mastodon":"0"},"categories":[14],"tags":[13378,131,25382,130,37,33,35,34,36,46527,1925,56098,9886,4376],"class_list":["post-256792","post","type-post","status-publish","format-standard","has-post-thumbnail","category-ari","tag-araabia-uhendemiraadid","tag-ari","tag-aue","tag-business","tag-ee","tag-eesti","tag-eesti-keel","tag-estonia","tag-estonian","tag-hormuzi-vain","tag-iraan","tag-iraani-soda","tag-kaubandus","tag-lahis-ida"],"share_on_mastodon":{"url":"https:\/\/pubeurope.com\/@ee\/117129015602714238","error":""},"_links":{"self":[{"href":"https:\/\/www.europesays.com\/ee\/wp-json\/wp\/v2\/posts\/256792","targetHints":{"allow":["GET"]}}],"collection":[{"href":"https:\/\/www.europesays.com\/ee\/wp-json\/wp\/v2\/posts"}],"about":[{"href":"https:\/\/www.europesays.com\/ee\/wp-json\/wp\/v2\/types\/post"}],"author":[{"embeddable":true,"href":"https:\/\/www.europesays.com\/ee\/wp-json\/wp\/v2\/users\/2"}],"replies":[{"embeddable":true,"href":"https:\/\/www.europesays.com\/ee\/wp-json\/wp\/v2\/comments?post=256792"}],"version-history":[{"count":0,"href":"https:\/\/www.europesays.com\/ee\/wp-json\/wp\/v2\/posts\/256792\/revisions"}],"wp:featuredmedia":[{"embeddable":true,"href":"https:\/\/www.europesays.com\/ee\/wp-json\/wp\/v2\/media\/256793"}],"wp:attachment":[{"href":"https:\/\/www.europesays.com\/ee\/wp-json\/wp\/v2\/media?parent=256792"}],"wp:term":[{"taxonomy":"category","embeddable":true,"href":"https:\/\/www.europesays.com\/ee\/wp-json\/wp\/v2\/categories?post=256792"},{"taxonomy":"post_tag","embeddable":true,"href":"https:\/\/www.europesays.com\/ee\/wp-json\/wp\/v2\/tags?post=256792"}],"curies":[{"name":"wp","href":"https:\/\/api.w.org\/{rel}","templated":true}]}}