{"id":256800,"date":"2026-08-20T17:37:13","date_gmt":"2026-08-20T17:37:13","guid":{"rendered":"https:\/\/www.europesays.com\/ee\/256800\/"},"modified":"2026-08-20T17:37:13","modified_gmt":"2026-08-20T17:37:13","slug":"cleveland-sai-nuggetsilt-viie-tiimi-vahetustehingus-talendika-aaremehe-korvpall","status":"publish","type":"post","link":"https:\/\/www.europesays.com\/ee\/256800\/","title":{"rendered":"Cleveland sai Nuggetsilt viie tiimi vahetustehingus talendika \u00e4\u00e4remehe | Korvpall"},"content":{"rendered":"<p>Korvpalliliigas NBA toimus suur vahetustehing, millesse kaasati viis erinevat meeskonda. K\u00f5ige v\u00e4ljapaistvama m\u00e4ngijana vahetas klubi Denver Nuggetsi \u00e4\u00e4remees Peyton Watson, kes j\u00e4tkab karj\u00e4\u00e4ri Cleveland Cavaliersi s\u00e4rgis.<\/p>\n<p>2022. aasta draft&#8217;is 30. valitud Watson on iga hooajaga Denveris suurema rolli saanud, kuid tegi m\u00f6\u00f6dunud hooajal vinge arenguh\u00fcppe, kogudes keskmiselt m\u00e4ngus 14,6 punkti, 4,9 lauapalli ning 2,1 korvis\u00f6\u00f6tu. Lisaks on ta soliidne kaitsem\u00e4ngija ning sai mullu keskmiselt m\u00e4ngus ka \u00fche bloki ning \u00fche vaheltl\u00f5ike.<\/p>\n<p>Kuiv\u00f5rd Nuggets peab oma palgalimiiti vabastama, tuli meeskonnal teha valus otsus ning talendikas noorm\u00e4ngija vahetustehinguga \u00e4ra saata. Nuggets saab Clevelandilt vastu 2031. aasta draft&#8217;i esimese vooru valiku ning 2032. aasta talendikorje teise vooru valiku. 23-aastane Watson s\u00f5lmib \u00fchtlasi Cavaliersiga nelja-aastase lepingu, mille koguv\u00e4\u00e4rtus on 88 miljonit dollarit.<\/p>\n<p>Vahetustehingusse on kaasatud ka Los Angeles Clippers, kes soetas Clevelandilt j\u00e4rgmise aasta draft&#8217;i teise vooru valiku \u00f5iguse eest \u00e4\u00e4remehe Max Strusi.<\/p>\n<p>See pole aga k\u00f5ik. Cavaliers saab sama tehingu raames vastu hoopis Washington Wizardsilt 22-aastase \u00e4\u00e4rem\u00e4ngija Cam Whitmore&#8217;i, saates pealinnaklubile vastu tagamehe Tre Manni ning 2027. aasta draft&#8217;i teise vooru valiku. Washingtonist lahkub Denverisse \u00e4\u00e4rem\u00e4ngija Julian Reese, kuid Nuggets loobub ESPN-i andmeil tema \u00f5igustest.<\/p>\n<p>T\u00e4navu play-off&#8217;is idakonverentsi finaali j\u00f5udnud, kuid l\u00f5puks meistriks tulnud New York Knicksile alla j\u00e4\u00e4nud Cleveland on teinud suvel ohtralt vangerdusi. K\u00f5igepealt jahiti legendaarse LeBron Jamesi allkirja, aga vanameister otsustas oma karj\u00e4\u00e4ri j\u00e4tkata Philadelphias. Cavaliers tegi alles eelmisel n\u00e4dalal veel \u00fche vahetuse, mis tehniliselt on osa eelmainitud tehingust, kui sakslane Dennis Schr\u00f6der saadeti Charlotte Hornetsisse. Vastu saadi Tre Mann, kes saadeti n\u00fc\u00fcd hoopis Washingtoni.<\/p>\n<p>Cavaliers on ehitanud korraliku koosseisu, tagam\u00e4ngijateks on James Harden ja Donovan Mitchell. Clevelandi eelk\u00f5ige kaitsepoolel abistav Watson peaks alustama kolme peal, pikkadeks on Evan Mobley ja Jarrett Allen.<\/p>\n<p>NBA p\u00f5hiturniir algab Eesti aja j\u00e4rgi \u00f6\u00f6sel vastu 16. oktoobrit.<\/p>\n","protected":false},"excerpt":{"rendered":"Korvpalliliigas NBA toimus suur vahetustehing, millesse kaasati viis erinevat meeskonda. K\u00f5ige v\u00e4ljapaistvama m\u00e4ngijana vahetas klubi Denver Nuggetsi \u00e4\u00e4remees&hellip;\n","protected":false},"author":2,"featured_media":256801,"comment_status":"","ping_status":"","sticky":false,"template":"","format":"standard","meta":{"footnotes":"","_share_on_mastodon":"0"},"categories":[18],"tags":[17514,13487,37,33,35,34,36,4391,100237,159,158],"class_list":["post-256800","post","type-post","status-publish","format-standard","has-post-thumbnail","category-sport","tag-cleveland-cavaliers","tag-denver-nuggets","tag-ee","tag-eesti","tag-eesti-keel","tag-estonia","tag-estonian","tag-nba","tag-peyton-watson","tag-sport","tag-sports"],"share_on_mastodon":{"url":"https:\/\/pubeurope.com\/@ee\/117129054991547223","error":""},"_links":{"self":[{"href":"https:\/\/www.europesays.com\/ee\/wp-json\/wp\/v2\/posts\/256800","targetHints":{"allow":["GET"]}}],"collection":[{"href":"https:\/\/www.europesays.com\/ee\/wp-json\/wp\/v2\/posts"}],"about":[{"href":"https:\/\/www.europesays.com\/ee\/wp-json\/wp\/v2\/types\/post"}],"author":[{"embeddable":true,"href":"https:\/\/www.europesays.com\/ee\/wp-json\/wp\/v2\/users\/2"}],"replies":[{"embeddable":true,"href":"https:\/\/www.europesays.com\/ee\/wp-json\/wp\/v2\/comments?post=256800"}],"version-history":[{"count":0,"href":"https:\/\/www.europesays.com\/ee\/wp-json\/wp\/v2\/posts\/256800\/revisions"}],"wp:featuredmedia":[{"embeddable":true,"href":"https:\/\/www.europesays.com\/ee\/wp-json\/wp\/v2\/media\/256801"}],"wp:attachment":[{"href":"https:\/\/www.europesays.com\/ee\/wp-json\/wp\/v2\/media?parent=256800"}],"wp:term":[{"taxonomy":"category","embeddable":true,"href":"https:\/\/www.europesays.com\/ee\/wp-json\/wp\/v2\/categories?post=256800"},{"taxonomy":"post_tag","embeddable":true,"href":"https:\/\/www.europesays.com\/ee\/wp-json\/wp\/v2\/tags?post=256800"}],"curies":[{"name":"wp","href":"https:\/\/api.w.org\/{rel}","templated":true}]}}