{"id":256808,"date":"2026-08-20T17:48:12","date_gmt":"2026-08-20T17:48:12","guid":{"rendered":"https:\/\/www.europesays.com\/ee\/256808\/"},"modified":"2026-08-20T17:48:12","modified_gmt":"2026-08-20T17:48:12","slug":"laaneots-elva-voidust-olime-palju-rahulikumad-kui-tavaliselt-jumankin-meil-moned-on-riigipuhal-ikka-tool-soccernet-ee","status":"publish","type":"post","link":"https:\/\/www.europesays.com\/ee\/256808\/","title":{"rendered":"Laaneots Elva v\u00f5idust: olime palju rahulikumad kui tavaliselt (Jumankin: meil m\u00f5ned on riigip\u00fchal ikka t\u00f6\u00f6l) &#8211; Soccernet.ee"},"content":{"rendered":"<p><img decoding=\"async\" src=\"https:\/\/www.europesays.com\/ee\/wp-content\/uploads\/2026\/08\/1787226853.jpg\" alt=\"Dominic Laaneots. Foto: Liisi Troska \/ jalgpall.ee (arhiiv)\"\/>&#13;\n<\/p>\n<p>FC Elva poolkaitsja Dominic Laaneots r\u00e4\u00e4kis p\u00e4rast Maardu Linnameeskonna \u00fcle teenitud 1:0 v\u00f5itu, et tahtnuks n\u00e4ha rohkem v\u00e4ravaid, aga ta j\u00e4i rahule oma meeskonna rahulikkuse ja kannatlikkusega.<\/p>\n<p>&#8220;Mehed olid v\u00e4ga tublid! Seisime l\u00f5puni. Oleksin tahtnud n\u00e4ha rohkem v\u00e4ravaid, sest tegelikult v\u00f5imalusi oli. Esimesel poolajal olime piisavalt kannatlikud, v\u00f5ib-olla ei suutnud leida lahendusi v\u00e4ljaku viimasel kolmandikul,&#8221; kommenteeris Laaneots p\u00e4rast l\u00f5puvilet Soccernet TV-le.&#13;\n<\/p>\n<p>&#8220;Teisel poolajal l\u00e4ks m\u00e4ng rohkem nagu batuudiks \u00e4ra. Oleksin tahtnud rohkem pallihoidmist &#8211; sunnin alati oma mehi m\u00e4ngima maast nii palju kui saab. Aga peamine, et v\u00f5itsime,&#8221; j\u00e4tkas 25-aastane poolkaitsja.&#13;\n<\/p>\n<p>&#8220;Olime t\u00e4na palju rahulikumad kui tavaliselt, selles osas tahaksin mehi kiita. Suutsime palli kannatlikumalt \u00fchest \u00e4\u00e4rest teise viia, niimoodi momendid tekivadki.&#8221;<\/p>\n<p>&#8220;Senine hooaeg on olnud meie jaoks okei. M\u00f5ndades m\u00e4ngudes oleks tahtnud rohkem punkte, aga pole midagi teha, vaja on edasi minna,&#8221; \u00fctles Laaneots.&#13;\n<\/p>\n<p>Elva eesm\u00e4rgiks on tema s\u00f5nul l\u00f5petada hooaeg esikolmikus. &#8220;See on alati meie eesm\u00e4rk olnud. Kui me sinna ei saa, siis sellest v\u00e4ga midagi ei juhtu. Aga suuremas pildis v\u00f5tame praegu \u00fche m\u00e4ngu korraga. Kui sa hooaja jooksul j\u00e4rjepidevalt v\u00e4ikeseid samme edasi teed, siis j\u00f5uadki esikolmikusse,&#8221; lisas Laaneots.&#13;\n<\/p>\n<p>Maardu poolkaitsja Mihhail Jumankin: &#8220;Me oleme praegu pettunud, kuna tulime siia ainult \u00fche eesm\u00e4rgiga &#8211; v\u00f5ita. Kahjuks ei \u00f5nnestunud, aga v\u00f5itlesime l\u00f5puni ja proovisime v\u00e4ravat l\u00fc\u00fca. T\u00e4na ei ole vist meie p\u00e4ev. Kuigi t\u00e4na on riigip\u00fcha, siis m\u00f5ned meie mehed ikka t\u00f6\u00f6tavad ja neil ei olnud v\u00f5imalust siia meid aitama tulla &#8211; meil ei olnud t\u00e4na piisavalt rahvast.&#8221;&#13;\n<\/p>\n<p>Jumankini s\u00f5nul Elva teda millegagi ei \u00fcllatanud: &#8220;Teadsin, et Elva meeskond on tugev ja v\u00f5itleb l\u00f5puni ning nende peatreener [Kaido Koppel] kogu aeg push&#8217;ib neid. Oli hea v\u00f5itlus.&#8221;<\/p>\n<p>Jumankin lisas, et Maardu p\u00fc\u00fcab l\u00f5petada hooaja tabeli esiviisikus.                         <\/p>\n","protected":false},"excerpt":{"rendered":"&#13; FC Elva poolkaitsja Dominic Laaneots r\u00e4\u00e4kis p\u00e4rast Maardu Linnameeskonna \u00fcle teenitud 1:0 v\u00f5itu, et tahtnuks n\u00e4ha rohkem&hellip;\n","protected":false},"author":2,"featured_media":256809,"comment_status":"","ping_status":"","sticky":false,"template":"","format":"standard","meta":{"footnotes":"","_share_on_mastodon":"0"},"categories":[18],"tags":[100238,37,33,35,897,1466,34,36,3970,454,100239,100240,949,2464,100241,159,158],"class_list":["post-256808","post","type-post","status-publish","format-standard","has-post-thumbnail","category-sport","tag-dominic-laaneots","tag-ee","tag-eesti","tag-eesti-keel","tag-elva","tag-esiliiga","tag-estonia","tag-estonian","tag-fc-elva","tag-jarelkaja","tag-jumankin","tag-laaneots","tag-maardu","tag-maardu-linnameeskond","tag-mihhail-jumankin","tag-sport","tag-sports"],"share_on_mastodon":{"url":"https:\/\/pubeurope.com\/@ee\/117129098679890469","error":""},"_links":{"self":[{"href":"https:\/\/www.europesays.com\/ee\/wp-json\/wp\/v2\/posts\/256808","targetHints":{"allow":["GET"]}}],"collection":[{"href":"https:\/\/www.europesays.com\/ee\/wp-json\/wp\/v2\/posts"}],"about":[{"href":"https:\/\/www.europesays.com\/ee\/wp-json\/wp\/v2\/types\/post"}],"author":[{"embeddable":true,"href":"https:\/\/www.europesays.com\/ee\/wp-json\/wp\/v2\/users\/2"}],"replies":[{"embeddable":true,"href":"https:\/\/www.europesays.com\/ee\/wp-json\/wp\/v2\/comments?post=256808"}],"version-history":[{"count":0,"href":"https:\/\/www.europesays.com\/ee\/wp-json\/wp\/v2\/posts\/256808\/revisions"}],"wp:featuredmedia":[{"embeddable":true,"href":"https:\/\/www.europesays.com\/ee\/wp-json\/wp\/v2\/media\/256809"}],"wp:attachment":[{"href":"https:\/\/www.europesays.com\/ee\/wp-json\/wp\/v2\/media?parent=256808"}],"wp:term":[{"taxonomy":"category","embeddable":true,"href":"https:\/\/www.europesays.com\/ee\/wp-json\/wp\/v2\/categories?post=256808"},{"taxonomy":"post_tag","embeddable":true,"href":"https:\/\/www.europesays.com\/ee\/wp-json\/wp\/v2\/tags?post=256808"}],"curies":[{"name":"wp","href":"https:\/\/api.w.org\/{rel}","templated":true}]}}