{"id":256824,"date":"2026-08-20T18:22:12","date_gmt":"2026-08-20T18:22:12","guid":{"rendered":"https:\/\/www.europesays.com\/ee\/256824\/"},"modified":"2026-08-20T18:22:12","modified_gmt":"2026-08-20T18:22:12","slug":"fotod-armas-zest-nublu-vaisas-roosiaia-pidu-koos-vanavanaemaga","status":"publish","type":"post","link":"https:\/\/www.europesays.com\/ee\/256824\/","title":{"rendered":"FOTOD | Armas \u017eest! nublu v\u00e4isas roosiaia pidu koos vanavanaemaga"},"content":{"rendered":"<p>R\u00e4ppar nublu otsustas tulla roosiaeda taasiseseisvumise 35. aastap\u00e4eva t\u00e4histama vanavanaema seltsis, kes on 91-aastane.<\/p>\n<p><img decoding=\"async\" src=\"https:\/\/www.europesays.com\/ee\/wp-content\/uploads\/2026\/08\/768d7bfe-89c3-4c86-878f-3e3f981c043c.jpg\" loading=\"lazy\" alt=\"Roosiaed 2026: nublu vanavanaemaga\"\/><img decoding=\"async\" src=\"https:\/\/www.europesays.com\/ee\/wp-content\/uploads\/2026\/08\/355d8d57-5e91-49dc-91f6-fc4c10d88afe.jpg\" loading=\"lazy\" alt=\"Roosiaed 2026: nublu vanavanaemaga\"\/><\/p>\n<p>nublu hoiab oma eraelu kiivalt saladuses, sellest pole aastate jooksul olnud kuigi palju avalikkusele teada. Varasemalt on ta presidendi vastuv\u00f5ttu v\u00e4isanud ka n\u00e4iteks oma endisest tippiluuisutajast \u00f5e Eva-Lotta Kiibusega.<\/p>\n<p>T\u00e4navu on levinud aga jutud sellest, et aastaid Eesti muusikaedetabelite tipus figureerinud r\u00e4ppar v\u00f5ib olla saanud isaks. nublu m\u00e4ned\u017eer Kaarel Sein ei soovinud neid jutte juunikuus kinnitada ega \u00fcmber l\u00fckata. Ta vastas k\u00fcsimusele, kas r\u00e4ppar on t\u00f5epoolest isaks saanud, l\u00fchidalt: \u201eEi kommenteeri.\u201c Oma vastuse l\u00f5ppu lisas Sein naerusuise emotikoni.  <\/p>\n<p>Kuidas see lugu Sind end tundma pani?Saada<a href=\"https:\/\/kroonika.delfi.ee\/artikkel\/120605038\/fotod-armas-zest-nublu-vaisas-roosiaia-pidu-koos-vanaemaga\/kommentaarid\" class=\"button button--primary button--size-auto article-body-bottom__comment article-body-bottom__comment--write\" style=\"\" rel=\"nofollow noopener\" target=\"_blank\">Kommenteeri<\/a><a href=\"https:\/\/kroonika.delfi.ee\/artikkel\/120605038\/fotod-armas-zest-nublu-vaisas-roosiaia-pidu-koos-vanaemaga\/kommentaarid\" class=\"button button--size-auto article-body-bottom__comment article-body-bottom__comment--read\" style=\"\" rel=\"nofollow noopener\" target=\"_blank\">Loe kommentaare (3)<\/a><\/p>\n","protected":false},"excerpt":{"rendered":"R\u00e4ppar nublu otsustas tulla roosiaeda taasiseseisvumise 35. aastap\u00e4eva t\u00e4histama vanavanaema seltsis, kes on 91-aastane. nublu hoiab oma eraelu&hellip;\n","protected":false},"author":2,"featured_media":256825,"comment_status":"","ping_status":"","sticky":false,"template":"","format":"standard","meta":{"footnotes":"","_share_on_mastodon":"0"},"categories":[14],"tags":[131,130,37,33,35,34,36,100246,3148],"class_list":["post-256824","post","type-post","status-publish","format-standard","has-post-thumbnail","category-ari","tag-ari","tag-business","tag-ee","tag-eesti","tag-eesti-keel","tag-estonia","tag-estonian","tag-markkus-pulk","tag-nublu"],"share_on_mastodon":{"url":"https:\/\/pubeurope.com\/@ee\/117129232327923804","error":""},"_links":{"self":[{"href":"https:\/\/www.europesays.com\/ee\/wp-json\/wp\/v2\/posts\/256824","targetHints":{"allow":["GET"]}}],"collection":[{"href":"https:\/\/www.europesays.com\/ee\/wp-json\/wp\/v2\/posts"}],"about":[{"href":"https:\/\/www.europesays.com\/ee\/wp-json\/wp\/v2\/types\/post"}],"author":[{"embeddable":true,"href":"https:\/\/www.europesays.com\/ee\/wp-json\/wp\/v2\/users\/2"}],"replies":[{"embeddable":true,"href":"https:\/\/www.europesays.com\/ee\/wp-json\/wp\/v2\/comments?post=256824"}],"version-history":[{"count":0,"href":"https:\/\/www.europesays.com\/ee\/wp-json\/wp\/v2\/posts\/256824\/revisions"}],"wp:featuredmedia":[{"embeddable":true,"href":"https:\/\/www.europesays.com\/ee\/wp-json\/wp\/v2\/media\/256825"}],"wp:attachment":[{"href":"https:\/\/www.europesays.com\/ee\/wp-json\/wp\/v2\/media?parent=256824"}],"wp:term":[{"taxonomy":"category","embeddable":true,"href":"https:\/\/www.europesays.com\/ee\/wp-json\/wp\/v2\/categories?post=256824"},{"taxonomy":"post_tag","embeddable":true,"href":"https:\/\/www.europesays.com\/ee\/wp-json\/wp\/v2\/tags?post=256824"}],"curies":[{"name":"wp","href":"https:\/\/api.w.org\/{rel}","templated":true}]}}