{"id":256921,"date":"2026-08-20T21:29:11","date_gmt":"2026-08-20T21:29:11","guid":{"rendered":"https:\/\/www.europesays.com\/ee\/256921\/"},"modified":"2026-08-20T21:29:11","modified_gmt":"2026-08-20T21:29:11","slug":"linnas-kondav-karu-osutus-tahtsamaks-kui-borsi-avamine","status":"publish","type":"post","link":"https:\/\/www.europesays.com\/ee\/256921\/","title":{"rendered":"Linnas kondav karu osutus t\u00e4htsamaks kui b\u00f6rsi avamine"},"content":{"rendered":"<p>M\u00e4letatavasti pani <a rel=\"noopener nofollow\" target=\"_blank\" href=\"https:\/\/www.delfi.ee\/teema\/56818004\/tallinna-bors\" data-rel-date-range=\"[]\">Tallinna b\u00f6rsil<\/a> kauplemisele alguse president <a rel=\"noopener nofollow\" target=\"_blank\" href=\"https:\/\/www.delfi.ee\/teema\/854\/lennart-meri\" data-rel-date-range=\"[]\">Lennart Meri<\/a>, kes ostis 31. mail 1996 neli Eesti H\u00fcvitusfondi obligatsiooni, soovides kaubeldes loomulikult ka allahindlust. T\u00f5si, aktsiatega kaubeldi b\u00f6rsiv\u00e4liselt juba varem. B\u00f6rs l\u00f5i aga kanali, kus tehingud toimusid \u00fchtsete reeglite j\u00e4rgi, l\u00e4bipaistvate hindadega ja k\u00f5igile turuosalistele n\u00e4htavalt.<\/p>\n<p>Meri lootis, et b\u00f6rs tugevdab usaldust Eesti riigi vastu ning meelitab siia v\u00e4lismaiseid investoreid. \u201eKuidagimoodi peame selle Gordioni s\u00f5lme ju lahti raiuma,\u201c s\u00f5nas Meri Rotermanni soolalaos toimunud pidulikul avamisel. <\/p>\n<p>Kohaliku b\u00f6rsi loomine v\u00f5is olla k\u00fcll t\u00e4htis verstapost, kuid samal p\u00e4eval p\u00e4lvis rohkem t\u00e4helepanu uudis, et P\u00f5hja-Tallinnas seigelnud ning \u00fchte korterisse sisse murdnud karu \u00f5nnestus elusalt kinni p\u00fc\u00fcda.<\/p>\n<p><a href=\"https:\/\/arileht.delfi.ee\/artikkel\/120602770\/linnas-kondav-karu-osutus-tahtsamaks-kui-borsi-avamine\/kommentaarid\" class=\"button button--primary button--size-auto article-body-bottom__comment article-body-bottom__comment--write\" style=\"\" rel=\"nofollow noopener\" target=\"_blank\">Kommenteeri<\/a><a href=\"https:\/\/arileht.delfi.ee\/artikkel\/120602770\/linnas-kondav-karu-osutus-tahtsamaks-kui-borsi-avamine\/kommentaarid\" class=\"button button--size-auto article-body-bottom__comment article-body-bottom__comment--read\" style=\"\" rel=\"nofollow noopener\" target=\"_blank\">Loe kommentaare <\/a><\/p>\n","protected":false},"excerpt":{"rendered":"M\u00e4letatavasti pani Tallinna b\u00f6rsil kauplemisele alguse president Lennart Meri, kes ostis 31. mail 1996 neli Eesti H\u00fcvitusfondi obligatsiooni,&hellip;\n","protected":false},"author":2,"featured_media":256922,"comment_status":"","ping_status":"","sticky":false,"template":"","format":"standard","meta":{"footnotes":"","_share_on_mastodon":"0"},"categories":[14],"tags":[15685,131,56236,130,37,33,35,34,36,19533,2278,780,3007,7519],"class_list":["post-256921","post","type-post","status-publish","format-standard","has-post-thumbnail","category-ari","tag-aktsiaturg","tag-ari","tag-borsikrahh","tag-business","tag-ee","tag-eesti","tag-eesti-keel","tag-estonia","tag-estonian","tag-finantskriis","tag-hansapank","tag-investeerimine","tag-lennart-meri","tag-tallinna-bors"],"share_on_mastodon":{"url":"https:\/\/pubeurope.com\/@ee\/117129967326111482","error":""},"_links":{"self":[{"href":"https:\/\/www.europesays.com\/ee\/wp-json\/wp\/v2\/posts\/256921","targetHints":{"allow":["GET"]}}],"collection":[{"href":"https:\/\/www.europesays.com\/ee\/wp-json\/wp\/v2\/posts"}],"about":[{"href":"https:\/\/www.europesays.com\/ee\/wp-json\/wp\/v2\/types\/post"}],"author":[{"embeddable":true,"href":"https:\/\/www.europesays.com\/ee\/wp-json\/wp\/v2\/users\/2"}],"replies":[{"embeddable":true,"href":"https:\/\/www.europesays.com\/ee\/wp-json\/wp\/v2\/comments?post=256921"}],"version-history":[{"count":0,"href":"https:\/\/www.europesays.com\/ee\/wp-json\/wp\/v2\/posts\/256921\/revisions"}],"wp:featuredmedia":[{"embeddable":true,"href":"https:\/\/www.europesays.com\/ee\/wp-json\/wp\/v2\/media\/256922"}],"wp:attachment":[{"href":"https:\/\/www.europesays.com\/ee\/wp-json\/wp\/v2\/media?parent=256921"}],"wp:term":[{"taxonomy":"category","embeddable":true,"href":"https:\/\/www.europesays.com\/ee\/wp-json\/wp\/v2\/categories?post=256921"},{"taxonomy":"post_tag","embeddable":true,"href":"https:\/\/www.europesays.com\/ee\/wp-json\/wp\/v2\/tags?post=256921"}],"curies":[{"name":"wp","href":"https:\/\/api.w.org\/{rel}","templated":true}]}}