{"id":256999,"date":"2026-08-21T03:46:11","date_gmt":"2026-08-21T03:46:11","guid":{"rendered":"https:\/\/www.europesays.com\/ee\/256999\/"},"modified":"2026-08-21T03:46:11","modified_gmt":"2026-08-21T03:46:11","slug":"meedia-ukraina-droonid-rundasid-okupeeritud-krimmi-energiataristut-valismaa","status":"publish","type":"post","link":"https:\/\/www.europesays.com\/ee\/256999\/","title":{"rendered":"Meedia: Ukraina droonid r\u00fcndasid okupeeritud Krimmi energiataristut | V\u00e4lismaa"},"content":{"rendered":"<p>Sotsiaalmeediakanalid teatasid, et Ukraina droonid r\u00fcndasid \u00f6\u00f6l vastu reedet okupeeritud Krimmis asuvat energiataristut. Kremli pressiesindaja Dmitri Peskov \u00fctles, et Moskva ei n\u00e4e veel eeldusi Venemaa ja Ukraina s\u00f5ja rahumeelseks lahendamiseks.<\/p>\n<p>Oluline Venemaa-Ukraina s\u00f5jas reedel, 21. augustil kell 5.45:<\/p>\n<p>&#8211; Meedia: Ukraina droonid r\u00fcndasid okupeeritud Krimmi energiataristut;<\/p>\n<p>&#8211; Peskovi s\u00f5nul pole optimismi rahumeelse lahenduse osas;<\/p>\n<p>Vene multifilmisari sattus Zelenski viimaste sanktsioonide alla.<\/p>\n<p>Meedia: Ukraina droonid r\u00fcndasid okupeeritud Krimmi energiataristut<\/p>\n<p>Sotsiaalmeediakanalid teatasid, et Ukraina droonid r\u00fcndasid \u00f6\u00f6l vastu reedet okupeeritud Krimmis asuvat energiataristut.<\/p>\n<p>V\u00e4idetavalt r\u00fcndasid Ukraina droonid Krimmis asuvat Tauria elektrijaama, mis on piirkonna suuruselt teine elektrijaam. Sotsiaalmeedias levivad veel v\u00e4ited, et Ukraina droonid r\u00fcndasid L\u00e4\u00e4ne-Venemaal asuvaid sihtm\u00e4rke. Kahjude ulatus pole esialgu teada.<\/p>\n<blockquote class=\"twitter-tweet\" data-media-max-width=\"560\">\n<p lang=\"en\" dir=\"ltr\">A swarm of Ukrainian jet-powered strike drones reportedly attacked the Tavri power station in Russian-occupied Crimea tonight. <\/p>\n<p>Seen here, streams of AAA fire and explosions can be seen near the plant, the second largest in Crimea. <a href=\"https:\/\/t.co\/LRihRWDB7R\" rel=\"nofollow\">pic.twitter.com\/LRihRWDB7R<\/a><\/p>\n<p>\u2014 OSINTtechnical (@Osinttechnical) <a href=\"https:\/\/x.com\/Osinttechnical\/status\/2090611764073279824?ref_src=twsrc%5Etfw\" rel=\"nofollow\">August 21, 2026<\/a><\/p><\/blockquote>\n<p>Peskovi s\u00f5nul pole optimismi rahumeelse lahenduse osas<\/p>\n<p>Kremli pressiesindaja Dmitri Peskov \u00fctles, et Moskva ei n\u00e4e veel eeldusi Venemaa ja Ukraina s\u00f5ja rahumeelseks lahendamiseks.<\/p>\n<p>Peskovi s\u00f5nul ei n\u00e4e Moskva mingit p\u00f5hjust optimistlikeks ootusteks v\u00f5imaliku rahumeelse lahenduse osas.<\/p>\n<p>&#8220;Praegu, seoses Kiievi re\u017eiimi seisukohaga, puuduvad igasugused eeldused optimismiks rahumeelse lahenduse osas. D\u00fcnaamika rinnetel on h\u00e4sti teada. K\u00f5rgeim \u00fclemjuhataja on sellest korduvalt r\u00e4\u00e4kinud. S\u00f5jaline erioperatsioon j\u00e4tkub,&#8221; seletas Peskov.<\/p>\n<p>Vene multifilmisari sattus Zelenski viimaste sanktsioonide alla<\/p>\n<p>Ukraina kehtestas neljap\u00e4eval uued sanktsioonid Venemaa s\u00f5jat\u00f6\u00f6stuskompleksi, propagandamasina ja muude sihtm\u00e4rkide vastu, selgus president Volod\u00f5m\u00f5r Zelenski allkirjastatud m\u00e4\u00e4ruste seeriast, mida vahendas ajaleht The Kyiv Independent.<\/p>\n<p>Uute sanktsioonide nimekirjas on endine Ukraina seadusandja ja Regioonide Partei liige Juri Ivanju\u0161t\u0161enko ning Venemaa laste multifilmisarja &#8220;Ma\u0161a ja karu&#8221; loojad.<\/p>\n<p>Presidendiameti andmetel allkirjastas Zelenski neli sanktsiooniseadlust. \u00dcks neist on suunatud Venemaa kaitset\u00f6\u00f6stusega seotud ettev\u00f5tete ja isikute vastu. See kehtestab piirangud 28 Venemaa kodanikule, 36 Venemaa ettev\u00f5ttele ja \u00fchele Hiina firmale.<\/p>\n<p>&#8220;J\u00e4tkame s\u00fcstemaatiliselt Venemaa s\u00f5jat\u00f6\u00f6stuskompleksi heaks t\u00f6\u00f6tavate ettev\u00f5tete tuvastamist ja nende tegevuse piiramist,&#8221; \u00fctles presidendi sanktsioonivolinik Vlad\u00f5slav Vlasiuk.<\/p>\n<p><script async src=\"https:\/\/platform.twitter.com\/widgets.js\" charset=\"utf-8\"><\/script><\/p>\n","protected":false},"excerpt":{"rendered":"Sotsiaalmeediakanalid teatasid, et Ukraina droonid r\u00fcndasid \u00f6\u00f6l vastu reedet okupeeritud Krimmis asuvat energiataristut. Kremli pressiesindaja Dmitri Peskov \u00fctles,&hellip;\n","protected":false},"author":2,"featured_media":257000,"comment_status":"","ping_status":"","sticky":false,"template":"","format":"standard","meta":{"footnotes":"","_share_on_mastodon":"0"},"categories":[5],"tags":[26,27,37,33,35,34,36,31,32,21,28,29,19,25,1049,23,24,262,22,20,96,30],"class_list":["post-256999","post","type-post","status-publish","format-standard","has-post-thumbnail","category-uldised-uudised","tag-breaking-news","tag-breakingnews","tag-ee","tag-eesti","tag-eesti-keel","tag-estonia","tag-estonian","tag-featured-news","tag-featurednews","tag-headlines","tag-latest-news","tag-latestnews","tag-news","tag-populaarseimad-lood","tag-soda","tag-top-stories","tag-topstories","tag-ukraina","tag-uldised-uudised","tag-uudised","tag-venemaa","tag-viimased-uudised"],"share_on_mastodon":{"url":"https:\/\/pubeurope.com\/@ee\/117131449874495504","error":""},"_links":{"self":[{"href":"https:\/\/www.europesays.com\/ee\/wp-json\/wp\/v2\/posts\/256999","targetHints":{"allow":["GET"]}}],"collection":[{"href":"https:\/\/www.europesays.com\/ee\/wp-json\/wp\/v2\/posts"}],"about":[{"href":"https:\/\/www.europesays.com\/ee\/wp-json\/wp\/v2\/types\/post"}],"author":[{"embeddable":true,"href":"https:\/\/www.europesays.com\/ee\/wp-json\/wp\/v2\/users\/2"}],"replies":[{"embeddable":true,"href":"https:\/\/www.europesays.com\/ee\/wp-json\/wp\/v2\/comments?post=256999"}],"version-history":[{"count":0,"href":"https:\/\/www.europesays.com\/ee\/wp-json\/wp\/v2\/posts\/256999\/revisions"}],"wp:featuredmedia":[{"embeddable":true,"href":"https:\/\/www.europesays.com\/ee\/wp-json\/wp\/v2\/media\/257000"}],"wp:attachment":[{"href":"https:\/\/www.europesays.com\/ee\/wp-json\/wp\/v2\/media?parent=256999"}],"wp:term":[{"taxonomy":"category","embeddable":true,"href":"https:\/\/www.europesays.com\/ee\/wp-json\/wp\/v2\/categories?post=256999"},{"taxonomy":"post_tag","embeddable":true,"href":"https:\/\/www.europesays.com\/ee\/wp-json\/wp\/v2\/tags?post=256999"}],"curies":[{"name":"wp","href":"https:\/\/api.w.org\/{rel}","templated":true}]}}