{"id":257084,"date":"2026-08-21T05:45:11","date_gmt":"2026-08-21T05:45:11","guid":{"rendered":"https:\/\/www.europesays.com\/ee\/257084\/"},"modified":"2026-08-21T05:45:11","modified_gmt":"2026-08-21T05:45:11","slug":"alaskal-kukkus-alla-kaheksat-inimest-vedanud-tsarterlennuk","status":"publish","type":"post","link":"https:\/\/www.europesays.com\/ee\/257084\/","title":{"rendered":"Alaskal kukkus alla kaheksat inimest vedanud t\u0161arterlennuk"},"content":{"rendered":"<p>Kohaliku v\u00e4ljaande <a rel=\"noopener nofollow\" target=\"_blank\" href=\"https:\/\/www.delfi.ee\/teema\/96872134\/anchorage\" tag-id=\"96872134\">Anchorage<\/a> Daily News teatel oli t\u0161arterlennu pardal piloot ja seitse reisijat. <\/p>\n<p>Lennuk oli teel Alaska suurimast linnast Anchorage\u2019ist osariigi edelarannikul asuvasse Cape Newenhami \u00f5huj\u00f5udude radarijaama ning katastroof toimus sihtkoha l\u00e4hedal.<\/p>\n<p>USA riikliku transpordiohutusameti (NTSB) uurija Millicent Hilli s\u00f5nul ei viita miski sellele, et keegi oleks \u00f5nnetuses ellu j\u00e4\u00e4nud. <\/p>\n<p>Juhtunu asjaolusid uurivad NTSB ja USA f\u00f6deraalne lennuamet. <\/p>\n<p>Kuidas see lugu Sind end tundma pani?Saada<a href=\"https:\/\/www.delfi.ee\/artikkel\/120605081\/alaskal-kukkus-alla-kaheksat-inimest-vedanud-tsarterlennuk\/kommentaarid\" class=\"button button--primary button--size-auto article-body-bottom__comment article-body-bottom__comment--write\" style=\"\" rel=\"nofollow noopener\" target=\"_blank\">Kommenteeri<\/a><a href=\"https:\/\/www.delfi.ee\/artikkel\/120605081\/alaskal-kukkus-alla-kaheksat-inimest-vedanud-tsarterlennuk\/kommentaarid\" class=\"button button--size-auto article-body-bottom__comment article-body-bottom__comment--read\" style=\"\" rel=\"nofollow noopener\" target=\"_blank\">Loe kommentaare (2)<\/a><\/p>\n","protected":false},"excerpt":{"rendered":"Kohaliku v\u00e4ljaande Anchorage Daily News teatel oli t\u0161arterlennu pardal piloot ja seitse reisijat. Lennuk oli teel Alaska suurimast&hellip;\n","protected":false},"author":2,"featured_media":257085,"comment_status":"","ping_status":"","sticky":false,"template":"","format":"standard","meta":{"footnotes":"","_share_on_mastodon":"0"},"categories":[14],"tags":[3794,1179,131,130,37,33,35,34,36],"class_list":["post-257084","post","type-post","status-publish","format-standard","has-post-thumbnail","category-ari","tag-alaska","tag-anchorage","tag-ari","tag-business","tag-ee","tag-eesti","tag-eesti-keel","tag-estonia","tag-estonian"],"share_on_mastodon":{"url":"https:\/\/pubeurope.com\/@ee\/117131917652288206","error":""},"_links":{"self":[{"href":"https:\/\/www.europesays.com\/ee\/wp-json\/wp\/v2\/posts\/257084","targetHints":{"allow":["GET"]}}],"collection":[{"href":"https:\/\/www.europesays.com\/ee\/wp-json\/wp\/v2\/posts"}],"about":[{"href":"https:\/\/www.europesays.com\/ee\/wp-json\/wp\/v2\/types\/post"}],"author":[{"embeddable":true,"href":"https:\/\/www.europesays.com\/ee\/wp-json\/wp\/v2\/users\/2"}],"replies":[{"embeddable":true,"href":"https:\/\/www.europesays.com\/ee\/wp-json\/wp\/v2\/comments?post=257084"}],"version-history":[{"count":0,"href":"https:\/\/www.europesays.com\/ee\/wp-json\/wp\/v2\/posts\/257084\/revisions"}],"wp:featuredmedia":[{"embeddable":true,"href":"https:\/\/www.europesays.com\/ee\/wp-json\/wp\/v2\/media\/257085"}],"wp:attachment":[{"href":"https:\/\/www.europesays.com\/ee\/wp-json\/wp\/v2\/media?parent=257084"}],"wp:term":[{"taxonomy":"category","embeddable":true,"href":"https:\/\/www.europesays.com\/ee\/wp-json\/wp\/v2\/categories?post=257084"},{"taxonomy":"post_tag","embeddable":true,"href":"https:\/\/www.europesays.com\/ee\/wp-json\/wp\/v2\/tags?post=257084"}],"curies":[{"name":"wp","href":"https:\/\/api.w.org\/{rel}","templated":true}]}}