{"id":257110,"date":"2026-08-21T06:32:13","date_gmt":"2026-08-21T06:32:13","guid":{"rendered":"https:\/\/www.europesays.com\/ee\/257110\/"},"modified":"2026-08-21T06:32:13","modified_gmt":"2026-08-21T06:32:13","slug":"maailm-vajab-koige-rohkem-haid-inimesi-tiiu-kitsikult-ilmus-uus-lasteraamat","status":"publish","type":"post","link":"https:\/\/www.europesays.com\/ee\/257110\/","title":{"rendered":"\u00abMaailm vajab k\u00f5ige rohkem h\u00e4id inimesi.\u00bb Tiiu Kitsikult ilmus uus lasteraamat"},"content":{"rendered":"<p>Peategelane Luise on kohe 9-aastaseks saav t\u00fcdruk, kes oli veel aasta tagasi kindel, et tema elul ei ole mitte midagi viga: tal on maailma k\u00f5ige parem pinginaaber ja t\u00e4iesti normaalne klass \u2026 Ja j\u00e4rsku k\u00f5ik muutus. \u00dchel p\u00e4eval teatasid vanemad, et terve pere kolib \u00e4ra. Saksamaale.<\/p>\n<p><img decoding=\"async\" class=\"figure__image\" onclick=\"triggerEvent('articleImageClick', { id: 17867482, focus: 'single-image', focusIndex: '17867482' })\" onkeydown=\"if (event.key === 'Enter') {&#10;        triggerEvent('articleImageClick', { id: 17867482, focus: 'single-image', focusIndex: '17867482' })&#10;        }\" role=\"button\" tabindex=\"0\" data-focus-from=\"single-image\" data-focus-index=\"17867482\" src=\"https:\/\/www.europesays.com\/ee\/wp-content\/uploads\/2026\/08\/17867482t1h28d7.jpg\"  onload=\"this.parentElement.classList.remove('figure__image-loading')\" alt=\"Tiiu Kitsik \u00abSiin ma n\u00fc\u00fcd olen\u00bb\"\/>Tiiu Kitsik \u00abSiin ma n\u00fc\u00fcd olen\u00bb Foto: Raamat<\/p>\n<p>Sellest hetkest saab Luise elu t\u00e4iesti pea peale p\u00f6\u00f6ratud: nad elavad isa programmeeritud nutimajas, mis aina targutab ja k\u00e4ib kordam\u00f6\u00f6da k\u00f5igile n\u00e4rvidele. Luise isa ehitab vabal ajal garaa\u017eis helikopterit. Jah, just helikopterit! Luise ema p\u00fc\u00fcab erilise eduta panna kogu pere s\u00f6\u00f6ma oma p\u00f6\u00f6raselt tervislikke seemnesegusid, p\u00fcreesid, k\u00fcpsetisi\u2026 Ja Luise v\u00e4ikevend Rudolf ei ole lihtsalt kolmeaastane j\u00f5mpsikas \u2013 ta on kohutav kolmeaastane j\u00f5mpsikas, kellega kogu aeg pahandused kaasas k\u00e4ivad.<\/p>\n<p>Luise \u00f5pib n\u00fc\u00fcd uute klassikaaslaste keskel uues koolis, kus \u00f5ppet\u00f6\u00f6 toimub otse loomulikult saksa keeles ja natuke teistmoodi kui Eestis. Aga ta ise arvab sellest asjast nii: \u00abV\u00f5ib kindel olla, et elu ei kulge tavap\u00e4raselt. Aga see on minu lugu. Ja isegi kui k\u00f5ik l\u00e4heb vahel untsu, siis ma v\u00e4hemalt proovin olla hea, sest maailm vajab k\u00f5ige rohkem h\u00e4id inimesi.\u00bb<\/p>\n<p>Autor tutvustab raamat juba sel laup\u00e4eval P\u00e4rnu kirjandusfestivalil kell 17.<\/p>\n","protected":false},"excerpt":{"rendered":"Peategelane Luise on kohe 9-aastaseks saav t\u00fcdruk, kes oli veel aasta tagasi kindel, et tema elul ei ole&hellip;\n","protected":false},"author":2,"featured_media":257111,"comment_status":"","ping_status":"","sticky":false,"template":"","format":"standard","meta":{"footnotes":"","_share_on_mastodon":"0"},"categories":[12],"tags":[26,27,37,33,35,6213,34,36,31,32,21,64381,2115,22199,100309,28,29,19,97527,25,16781,23,24,22,20,30],"class_list":["post-257110","post","type-post","status-publish","format-standard","has-post-thumbnail","category-eesti","tag-breaking-news","tag-breakingnews","tag-ee","tag-eesti","tag-eesti-keel","tag-eesti-lastekirjandus","tag-estonia","tag-estonian","tag-featured-news","tag-featurednews","tag-headlines","tag-kirjastus-tanapaev","tag-lasteraamat","tag-lasteraamatud","tag-lasteromaan","tag-latest-news","tag-latestnews","tag-news","tag-parnu-kirjandusfestival","tag-populaarseimad-lood","tag-tiiu-kitsik","tag-top-stories","tag-topstories","tag-uldised-uudised","tag-uudised","tag-viimased-uudised"],"share_on_mastodon":{"url":"https:\/\/pubeurope.com\/@ee\/117132102822328305","error":""},"_links":{"self":[{"href":"https:\/\/www.europesays.com\/ee\/wp-json\/wp\/v2\/posts\/257110","targetHints":{"allow":["GET"]}}],"collection":[{"href":"https:\/\/www.europesays.com\/ee\/wp-json\/wp\/v2\/posts"}],"about":[{"href":"https:\/\/www.europesays.com\/ee\/wp-json\/wp\/v2\/types\/post"}],"author":[{"embeddable":true,"href":"https:\/\/www.europesays.com\/ee\/wp-json\/wp\/v2\/users\/2"}],"replies":[{"embeddable":true,"href":"https:\/\/www.europesays.com\/ee\/wp-json\/wp\/v2\/comments?post=257110"}],"version-history":[{"count":0,"href":"https:\/\/www.europesays.com\/ee\/wp-json\/wp\/v2\/posts\/257110\/revisions"}],"wp:featuredmedia":[{"embeddable":true,"href":"https:\/\/www.europesays.com\/ee\/wp-json\/wp\/v2\/media\/257111"}],"wp:attachment":[{"href":"https:\/\/www.europesays.com\/ee\/wp-json\/wp\/v2\/media?parent=257110"}],"wp:term":[{"taxonomy":"category","embeddable":true,"href":"https:\/\/www.europesays.com\/ee\/wp-json\/wp\/v2\/categories?post=257110"},{"taxonomy":"post_tag","embeddable":true,"href":"https:\/\/www.europesays.com\/ee\/wp-json\/wp\/v2\/tags?post=257110"}],"curies":[{"name":"wp","href":"https:\/\/api.w.org\/{rel}","templated":true}]}}