{"id":257128,"date":"2026-08-21T06:55:15","date_gmt":"2026-08-21T06:55:15","guid":{"rendered":"https:\/\/www.europesays.com\/ee\/257128\/"},"modified":"2026-08-21T06:55:15","modified_gmt":"2026-08-21T06:55:15","slug":"vene-suursaadik-uros-massimobilisatsiooni-plaanis-pole-kuid-seda-ei-saa-valistada-parast-valimisi","status":"publish","type":"post","link":"https:\/\/www.europesays.com\/ee\/257128\/","title":{"rendered":"Vene suursaadik \u00dcROs: massimobilisatsiooni plaanis pole, kuid seda ei saa v\u00e4listada p\u00e4rast valimisi"},"content":{"rendered":"<p>Avaldus j\u00e4rgnes Ukraina presidendi <a rel=\"noopener nofollow\" target=\"_blank\" href=\"https:\/\/www.delfi.ee\/teema\/85745477\/volodomor-zelenskoi\" tag-id=\"85745477\">Volod\u00f5m\u00f5r Zelensk\u00f5i<\/a> hoiatusele, et Moskva v\u00f5ib p\u00e4rast septembris toimuvaid valimisi saata rindele sadu tuhandeid mehi, vahendab Kyiv Independent. <\/p>\n<p>\u201eKorduvalt on \u00f6eldud, et me ei vaja praegu massimobilisatsiooni. Niipalju kui mina tean, pole seda praegu plaanis ega oodata. Aga vaatame, mis edasi saab,\u201c \u00fctles Nebenzja \u00dcRO peakorteris ajakirjanikele.<\/p>\n<p>Zelensk\u00f5i s\u00f5nul on Ukrainal t\u00f5endeid Moskva plaanist kuulutada p\u00e4rast parlamendivalimisi v\u00e4lja \u00fcldmobilisatsioon. \u201ePutini plaan ei ole kuigi keeruline: p\u00e4rast niinimetatud valimisi kavatseb ta mobiliseerida aasta l\u00f5puks kiiresti mitusada tuhat venelast ning j\u00e4rgmisel aastal sama palju lisaks,\u201c m\u00e4rkis president sotsiaalmeedias, lisades, et seda kinnitavad Venemaa sisedokumendid, mida ta arutas kohtumisel luurejuhtidega.<\/p>\n<p>Venemaa ametnikud on ka varem mobilisatsioonikavasid kuni viimase hetkeni eitanud. Kreml t\u00f5rjus teateid kogu 2022. aasta v\u00e4ltel ning ametnikud l\u00fckkasid selle v\u00f5imaluse avalikult tagasi veel paar p\u00e4eva enne 300 000 reservv\u00e4elase \u201eosalise mobilisatsiooni\u201c v\u00e4ljakuulutamist 2022. aasta 21. septembril.<\/p>\n<p>Lisaks oma kodanike v\u00e4rbamisele valmistub Moskva Zelensk\u00f5i juulikuisel teatel tooma s\u00f5tta veel 30 000 P\u00f5hja-Korea s\u00f5durit.<\/p>\n<p>Kuidas see lugu Sind end tundma pani?Saada<a href=\"https:\/\/www.delfi.ee\/artikkel\/120605093\/vene-suursaadik-uros-massimobilisatsiooni-plaanis-pole-kuid-seda-ei-saa-valistada-parast-valimisi\/kommentaarid\" class=\"button button--primary button--size-auto article-body-bottom__comment article-body-bottom__comment--write\" style=\"\" rel=\"nofollow noopener\" target=\"_blank\">Kommenteeri<\/a><a href=\"https:\/\/www.delfi.ee\/artikkel\/120605093\/vene-suursaadik-uros-massimobilisatsiooni-plaanis-pole-kuid-seda-ei-saa-valistada-parast-valimisi\/kommentaarid\" class=\"button button--size-auto article-body-bottom__comment article-body-bottom__comment--read\" style=\"\" rel=\"nofollow noopener\" target=\"_blank\">Loe kommentaare (25)<\/a><\/p>\n","protected":false},"excerpt":{"rendered":"Avaldus j\u00e4rgnes Ukraina presidendi Volod\u00f5m\u00f5r Zelensk\u00f5i hoiatusele, et Moskva v\u00f5ib p\u00e4rast septembris toimuvaid valimisi saata rindele sadu tuhandeid&hellip;\n","protected":false},"author":2,"featured_media":257129,"comment_status":"","ping_status":"","sticky":false,"template":"","format":"standard","meta":{"footnotes":"","_share_on_mastodon":"0"},"categories":[5],"tags":[26,27,37,33,35,34,36,31,32,21,28,29,6822,19,25,107,23,24,22,795,20,30,263],"class_list":["post-257128","post","type-post","status-publish","format-standard","has-post-thumbnail","category-uldised-uudised","tag-breaking-news","tag-breakingnews","tag-ee","tag-eesti","tag-eesti-keel","tag-estonia","tag-estonian","tag-featured-news","tag-featurednews","tag-headlines","tag-latest-news","tag-latestnews","tag-mobilisatsioon","tag-news","tag-populaarseimad-lood","tag-soda-ukrainas","tag-top-stories","tag-topstories","tag-uldised-uudised","tag-uro","tag-uudised","tag-viimased-uudised","tag-volodomor-zelenskoi"],"share_on_mastodon":{"url":"https:\/\/pubeurope.com\/@ee\/117132192923502340","error":""},"_links":{"self":[{"href":"https:\/\/www.europesays.com\/ee\/wp-json\/wp\/v2\/posts\/257128","targetHints":{"allow":["GET"]}}],"collection":[{"href":"https:\/\/www.europesays.com\/ee\/wp-json\/wp\/v2\/posts"}],"about":[{"href":"https:\/\/www.europesays.com\/ee\/wp-json\/wp\/v2\/types\/post"}],"author":[{"embeddable":true,"href":"https:\/\/www.europesays.com\/ee\/wp-json\/wp\/v2\/users\/2"}],"replies":[{"embeddable":true,"href":"https:\/\/www.europesays.com\/ee\/wp-json\/wp\/v2\/comments?post=257128"}],"version-history":[{"count":0,"href":"https:\/\/www.europesays.com\/ee\/wp-json\/wp\/v2\/posts\/257128\/revisions"}],"wp:featuredmedia":[{"embeddable":true,"href":"https:\/\/www.europesays.com\/ee\/wp-json\/wp\/v2\/media\/257129"}],"wp:attachment":[{"href":"https:\/\/www.europesays.com\/ee\/wp-json\/wp\/v2\/media?parent=257128"}],"wp:term":[{"taxonomy":"category","embeddable":true,"href":"https:\/\/www.europesays.com\/ee\/wp-json\/wp\/v2\/categories?post=257128"},{"taxonomy":"post_tag","embeddable":true,"href":"https:\/\/www.europesays.com\/ee\/wp-json\/wp\/v2\/tags?post=257128"}],"curies":[{"name":"wp","href":"https:\/\/api.w.org\/{rel}","templated":true}]}}