{"id":257194,"date":"2026-08-21T08:02:12","date_gmt":"2026-08-21T08:02:12","guid":{"rendered":"https:\/\/www.europesays.com\/ee\/257194\/"},"modified":"2026-08-21T08:02:12","modified_gmt":"2026-08-21T08:02:12","slug":"raivo-linnas-%e2%9f%a9-ulle-madise-arusaam-presidendi-rollist-teeb-murelikuks","status":"publish","type":"post","link":"https:\/\/www.europesays.com\/ee\/257194\/","title":{"rendered":"RAIVO LINNAS \u27e9 \u00dclle Madise arusaam presidendi rollist teeb murelikuks"},"content":{"rendered":"<p>Tulenevalt presidendikandidaat \u00dclle Madise korduvatest v\u00e4lja\u00fctlemistest Vabariigi Presidendi ameti kohta on mul tekkinud t\u00f5sine mure tema ametisse sobivuse p\u00e4rast. \u00dclle Madise on meeldiv ja arukas inimene, aga tema t\u00f5ekspidamised Vabariigi Presidendi institutsiooni olemuse ja rolli kohta teevad mind kodanikuna v\u00e4ga murelikuks, kirjutab avaliku halduse doktor Raivo Linnas.<\/p>\n","protected":false},"excerpt":{"rendered":"Tulenevalt presidendikandidaat \u00dclle Madise korduvatest v\u00e4lja\u00fctlemistest Vabariigi Presidendi ameti kohta on mul tekkinud t\u00f5sine mure tema ametisse sobivuse&hellip;\n","protected":false},"author":2,"featured_media":257195,"comment_status":"","ping_status":"","sticky":false,"template":"","format":"standard","meta":{"footnotes":"","_share_on_mastodon":"0"},"categories":[5],"tags":[26,27,37,33,35,2395,34,36,31,32,21,731,28,29,647,19,3579,25,18841,640,23,24,22,3457,644,20,37890,31701,30],"class_list":["post-257194","post","type-post","status-publish","format-standard","has-post-thumbnail","category-uldised-uudised","tag-breaking-news","tag-breakingnews","tag-ee","tag-eesti","tag-eesti-keel","tag-eesti-vabariik","tag-estonia","tag-estonian","tag-featured-news","tag-featurednews","tag-headlines","tag-isamaa","tag-latest-news","tag-latestnews","tag-mihhail-kolvart","tag-news","tag-pohiseadus","tag-populaarseimad-lood","tag-presidendivalimised","tag-riigikogu","tag-top-stories","tag-topstories","tag-uldised-uudised","tag-ulle-madise","tag-urmas-reinsalu","tag-uudised","tag-vabariigi-president","tag-valimiskogu","tag-viimased-uudised"],"share_on_mastodon":{"url":"https:\/\/pubeurope.com\/@ee\/117132456167578577","error":""},"_links":{"self":[{"href":"https:\/\/www.europesays.com\/ee\/wp-json\/wp\/v2\/posts\/257194","targetHints":{"allow":["GET"]}}],"collection":[{"href":"https:\/\/www.europesays.com\/ee\/wp-json\/wp\/v2\/posts"}],"about":[{"href":"https:\/\/www.europesays.com\/ee\/wp-json\/wp\/v2\/types\/post"}],"author":[{"embeddable":true,"href":"https:\/\/www.europesays.com\/ee\/wp-json\/wp\/v2\/users\/2"}],"replies":[{"embeddable":true,"href":"https:\/\/www.europesays.com\/ee\/wp-json\/wp\/v2\/comments?post=257194"}],"version-history":[{"count":0,"href":"https:\/\/www.europesays.com\/ee\/wp-json\/wp\/v2\/posts\/257194\/revisions"}],"wp:featuredmedia":[{"embeddable":true,"href":"https:\/\/www.europesays.com\/ee\/wp-json\/wp\/v2\/media\/257195"}],"wp:attachment":[{"href":"https:\/\/www.europesays.com\/ee\/wp-json\/wp\/v2\/media?parent=257194"}],"wp:term":[{"taxonomy":"category","embeddable":true,"href":"https:\/\/www.europesays.com\/ee\/wp-json\/wp\/v2\/categories?post=257194"},{"taxonomy":"post_tag","embeddable":true,"href":"https:\/\/www.europesays.com\/ee\/wp-json\/wp\/v2\/tags?post=257194"}],"curies":[{"name":"wp","href":"https:\/\/api.w.org\/{rel}","templated":true}]}}