{"id":257210,"date":"2026-08-21T08:21:12","date_gmt":"2026-08-21T08:21:12","guid":{"rendered":"https:\/\/www.europesays.com\/ee\/257210\/"},"modified":"2026-08-21T08:21:12","modified_gmt":"2026-08-21T08:21:12","slug":"viis-laaneriiki-moistsid-hukka-iisraeli-plaani-rajada-okupeeritud-aladele-asunduskodusid","status":"publish","type":"post","link":"https:\/\/www.europesays.com\/ee\/257210\/","title":{"rendered":"Viis l\u00e4\u00e4neriiki m\u00f5istsid hukka Iisraeli plaani rajada okupeeritud aladele asunduskodusid"},"content":{"rendered":"<p>L\u00e4\u00e4neriigid nimetasid \u00fchisavalduses otsust vastuv\u00f5etamatuks ning kutsusid Iisraeli \u00fcles kava viivitamatult t\u00fchistama, vahendab BBC. <\/p>\n<p>Rahvusvahelise \u00f5iguse kohaselt on k\u00f5ik okupeeritud aladele rajatud asundused ebaseaduslikud. Rahvusvahelise surve t\u00f5ttu l\u00fckkas Iisrael Jeruusalemmast itta j\u00e4\u00e4va niinimetatud E1 piirkonna hoonestamist aastak\u00fcmneid edasi. <\/p>\n<p>Nii l\u00e4\u00e4neriigid kui ka palestiinlased r\u00f5hutavad, et E1 ala asustamine annaks h\u00e4vitava hoobi kahe riigi lahendusele, sest see l\u00f5ikaks L\u00e4\u00e4nekalda geograafiliselt kaheks ning isoleeriks <a rel=\"noopener nofollow\" target=\"_blank\" href=\"https:\/\/www.delfi.ee\/teema\/56504702\/ida-jeruusalemm\" tag-id=\"56504702\">Ida-Jeruusalemma<\/a>.<\/p>\n<p>\u201ePraegusel L\u00e4\u00e4nekalda s\u00fcgava ebastabiilsuse ajal \u2013 mil asunike v\u00e4givald tsiviilelanike vastu on enneolematult ulatuslik ja Palestiina majandusele on kehtestatud r\u00e4ngad piirangud \u2013 teeb see samm eriti suurt muret,\u201c seisis viie riigi avalduses. \u201eNeed plaanid mitte ainult ei vii meid rahust kaugemale, vaid kahjustavad veelgi Iisraeli rahvusvahelist mainet.\u201c<\/p>\n<p>Eraldi avaldustes hoiatasid ka \u00dcRO peasekret\u00e4r ja Belgia v\u00e4lisminister, et E1 projekt kujutab eksistentsiaalset ohtu geograafiliselt sidusa Palestiina riigi loomisele. Iisraeli v\u00e4lisministeerium l\u00fckkas liitlaste ja Suurbritannia kriitika t\u00e4ielikult tagasi.<\/p>\n<p>Vaatamata Palestiina beduiinide ja Iisraeli rahuorganisatsioonide kohtukaebustele kuulutas Iisraeli eluasemeministeerium kolmap\u00e4eval v\u00e4lja hanke 1234 eluaseme ehitamiseks. <\/p>\n<p>Tegemist on osaga 3401 koduga suurprojektist, mille valitsus kiitis heaks mullu augustis ning mis h\u00f5lmab ligikaudu 12 ruutkilomeetrit Ida-Jeruusalemma ja Ma\u2019ale Adumimi asunduse vahelisel alal.<\/p>\n<p>Iisraeli ultranatsionaalne rahandusminister ja asunikuliikumise toetaja Bezalel Smotrich teatas hanke avamisel, et selle sammuga p\u00fchitakse Palestiina riigi idee laualt. <\/p>\n<p>Pakkumiste esitamise t\u00e4htaeg on 19. oktoober, vahetult enne 27. oktoobri \u00fcldvalimisi, mis muudab j\u00e4rgmisel valitsusel hangete t\u00fchistamise juriidiliselt ja poliitiliselt oluliselt keerulisemaks.<\/p>\n<p>Kuidas see lugu Sind end tundma pani?Saada<a href=\"https:\/\/www.delfi.ee\/artikkel\/120605130\/viis-laaneriiki-moistsid-hukka-iisraeli-plaani-rajada-okupeeritud-aladele-asunduskodusid\/kommentaarid\" class=\"button button--primary button--size-auto article-body-bottom__comment article-body-bottom__comment--write\" style=\"\" rel=\"nofollow noopener\" target=\"_blank\">Kommenteeri<\/a><a href=\"https:\/\/www.delfi.ee\/artikkel\/120605130\/viis-laaneriiki-moistsid-hukka-iisraeli-plaani-rajada-okupeeritud-aladele-asunduskodusid\/kommentaarid\" class=\"button button--size-auto article-body-bottom__comment article-body-bottom__comment--read\" style=\"\" rel=\"nofollow noopener\" target=\"_blank\">Loe kommentaare (5)<\/a><\/p>\n","protected":false},"excerpt":{"rendered":"L\u00e4\u00e4neriigid nimetasid \u00fchisavalduses otsust vastuv\u00f5etamatuks ning kutsusid Iisraeli \u00fcles kava viivitamatult t\u00fchistama, vahendab BBC. Rahvusvahelise \u00f5iguse kohaselt on&hellip;\n","protected":false},"author":2,"featured_media":257211,"comment_status":"","ping_status":"","sticky":false,"template":"","format":"standard","meta":{"footnotes":"","_share_on_mastodon":"0"},"categories":[14],"tags":[131,621,130,37,33,35,34,36,100316,619,3493],"class_list":["post-257210","post","type-post","status-publish","format-standard","has-post-thumbnail","category-ari","tag-ari","tag-benjamin-netanyahu","tag-business","tag-ee","tag-eesti","tag-eesti-keel","tag-estonia","tag-estonian","tag-ida-jeruusalemm","tag-iisrael","tag-laanekallas"],"share_on_mastodon":{"url":"https:\/\/pubeurope.com\/@ee\/117132531168021897","error":""},"_links":{"self":[{"href":"https:\/\/www.europesays.com\/ee\/wp-json\/wp\/v2\/posts\/257210","targetHints":{"allow":["GET"]}}],"collection":[{"href":"https:\/\/www.europesays.com\/ee\/wp-json\/wp\/v2\/posts"}],"about":[{"href":"https:\/\/www.europesays.com\/ee\/wp-json\/wp\/v2\/types\/post"}],"author":[{"embeddable":true,"href":"https:\/\/www.europesays.com\/ee\/wp-json\/wp\/v2\/users\/2"}],"replies":[{"embeddable":true,"href":"https:\/\/www.europesays.com\/ee\/wp-json\/wp\/v2\/comments?post=257210"}],"version-history":[{"count":0,"href":"https:\/\/www.europesays.com\/ee\/wp-json\/wp\/v2\/posts\/257210\/revisions"}],"wp:featuredmedia":[{"embeddable":true,"href":"https:\/\/www.europesays.com\/ee\/wp-json\/wp\/v2\/media\/257211"}],"wp:attachment":[{"href":"https:\/\/www.europesays.com\/ee\/wp-json\/wp\/v2\/media?parent=257210"}],"wp:term":[{"taxonomy":"category","embeddable":true,"href":"https:\/\/www.europesays.com\/ee\/wp-json\/wp\/v2\/categories?post=257210"},{"taxonomy":"post_tag","embeddable":true,"href":"https:\/\/www.europesays.com\/ee\/wp-json\/wp\/v2\/tags?post=257210"}],"curies":[{"name":"wp","href":"https:\/\/api.w.org\/{rel}","templated":true}]}}