{"id":257226,"date":"2026-08-21T08:35:18","date_gmt":"2026-08-21T08:35:18","guid":{"rendered":"https:\/\/www.europesays.com\/ee\/257226\/"},"modified":"2026-08-21T08:35:18","modified_gmt":"2026-08-21T08:35:18","slug":"norstat-reinsalu-ja-kolvart-on-peaministri-eelistustes-vordsed-eesti","status":"publish","type":"post","link":"https:\/\/www.europesays.com\/ee\/257226\/","title":{"rendered":"Norstat: Reinsalu ja K\u00f5lvart on peaministri eelistustes v\u00f5rdsed | Eesti"},"content":{"rendered":"<p>Erakonna Isamaa esimeest Urmas Reinsalu ja Keskerakonna juhti Mihhail K\u00f5lvartit eelistab v\u00f5imaliku peaministrina praktiliselt sama palju valijaid, selgus MT\u00dc \u00dchiskonnauuringute Instituudi ja uuringufirma Norstat Eesti AS koost\u00f6\u00f6s igakuiselt korraldatava k\u00fcsitluse augusti esimese poole tulemustest.<\/p>\n<p>V\u00e4rskete tulemuste p\u00f5hjal eelistab Urmas Reinsalu \u00fcmardatult 25 protsenti ja Mihhail K\u00f5lvartit 24, kuid nende toetuste erinevus j\u00e4\u00e4b \u00fche protsendipunkti sisse.<\/p>\n<p>Eesti Konservatiivse Rahvaerakonna (EKRE) esimeest Martin Helmet sooviks peaministriks 16 protsenti. Erakonna Parempoolsed juhti Lavly Perlingut 12 protsenti, Reformierakonna esimeest Kristen Michalit 10 protsenti, Sotsiaaldemokraatliku Erakonna (SDE) esimeest Lauri L\u00e4\u00e4nemetsa \u00fcheksa protsenti ning Eesti 200 juhti Kristina Kallast kuus protsenti.\u00a0<\/p>\n<p>Viimaste tulemuste p\u00f5hjal on Reinsalu ja K\u00f5lvartit eelistavate inimeste osakaal praktiliselt v\u00f5rdne, Helmet toetavate vastajate osakaal on m\u00f5nev\u00f5rra langenud (juulis 14 protsenti), kuid suuri muutusi kuu ajaga peaministri eelistustes toimunud ei ole, kommenteeris Norstat pressiteates.<\/p>\n<p>Parempoolsete toetajate seas on k\u00f5ige populaarsem Perling (80 protsenti), Isamaa toetajate seas Reinsalu (76 protsenti), Keskerakonna toetajate seas K\u00f5lvart (75 protsenti), EKRE toetajate seas Helme (74 protsenti), Reformierakonna toetajate seas Michal (60 protsenti) ning SDE toetajate seas L\u00e4\u00e4nemets (55 protsenti).\u00a0<\/p>\n<p>Lisaks paluti oma eelistus \u00f6elda olukorras, kus valida oleks ainult kahe kandidaadi vahel. Kandidaatide paarid koostati eelmisel kuul toimunud k\u00fcsitluse kahe populaarseima kandidaadi ning ametisoleva peaministri p\u00f5hjal. Vastajatel paluti teha valik j\u00e4rgmiste paaride puhul: Reinsalu vs K\u00f5lvart, Reinsalu vs Michal ja K\u00f5lvart vs Michal.\u00a0\u00a0Vastajatelt k\u00fcsiti: &#8220;Kui valida saaks ainult kahe kandidaadi vahel, siis kes nendest oleks Eestile sobivam peaminister?&#8221;<\/p>\n<p>Kui valida saaks Reinsalu ja Michali vahel, siis eelistaks 51 protsenti Reinsalu ning 24 protsenti Michalit. 24 protsenti vastas &#8220;Ei oska \u00f6elda&#8221;.\u00a0<\/p>\n<p>Kui valida saaks K\u00f5lvarti ja Michali vahel, siis eelistaks 45 protsenti K\u00f5lvartit ja 33 protsenti Michalit. 22 protsenti vastas &#8220;Ei oska \u00f6elda&#8221;.\u00a0<\/p>\n<p>Kui valida saaks Reinsalu ja K\u00f5lvarti vahel, siis eelistaks 51 protsenti vastajatest Reinsalu ja 32 protsenti K\u00f5lvartit. 17 protsenti vastas &#8220;Ei oska \u00f6elda&#8221;.\u00a0<\/p>\n<p>Norstat viis k\u00fcsitluse l\u00e4bi 10.-15. augustini ning sellele vastas kokku 1000 18-aastast ja vanemat Eesti kodanikku. Valimi v\u00f5imalikult esindusliku jagunemise eesm\u00e4rgil teostati k\u00fcsitlused kombineeritud meetodil \u2013 telefonik\u00fcsitluses ning veebik\u00fcsitluses, kus telefonik\u00fcsitlusele vastanud moodustavad valdava enamuse. Valimi andmed on tulemuste esinduslikkuse tagamiseks kaalutud vastavaks valimis\u00f5iguslike kodanike proportsionaalsele jaotusele peamiste sotsiaaldemograafiliste tunnuste alusel.<\/p>\n","protected":false},"excerpt":{"rendered":"Erakonna Isamaa esimeest Urmas Reinsalu ja Keskerakonna juhti Mihhail K\u00f5lvartit eelistab v\u00f5imaliku peaministrina praktiliselt sama palju valijaid, selgus&hellip;\n","protected":false},"author":2,"featured_media":257227,"comment_status":"","ping_status":"","sticky":false,"template":"","format":"standard","meta":{"footnotes":"","_share_on_mastodon":"0"},"categories":[5],"tags":[26,27,37,33,35,34,36,31,32,21,28,29,19,1832,46499,25,23,24,22,20,30],"class_list":["post-257226","post","type-post","status-publish","format-standard","has-post-thumbnail","category-uldised-uudised","tag-breaking-news","tag-breakingnews","tag-ee","tag-eesti","tag-eesti-keel","tag-estonia","tag-estonian","tag-featured-news","tag-featurednews","tag-headlines","tag-latest-news","tag-latestnews","tag-news","tag-norstat","tag-peaministriuuring","tag-populaarseimad-lood","tag-top-stories","tag-topstories","tag-uldised-uudised","tag-uudised","tag-viimased-uudised"],"share_on_mastodon":{"url":"https:\/\/pubeurope.com\/@ee\/117132586036276292","error":""},"_links":{"self":[{"href":"https:\/\/www.europesays.com\/ee\/wp-json\/wp\/v2\/posts\/257226","targetHints":{"allow":["GET"]}}],"collection":[{"href":"https:\/\/www.europesays.com\/ee\/wp-json\/wp\/v2\/posts"}],"about":[{"href":"https:\/\/www.europesays.com\/ee\/wp-json\/wp\/v2\/types\/post"}],"author":[{"embeddable":true,"href":"https:\/\/www.europesays.com\/ee\/wp-json\/wp\/v2\/users\/2"}],"replies":[{"embeddable":true,"href":"https:\/\/www.europesays.com\/ee\/wp-json\/wp\/v2\/comments?post=257226"}],"version-history":[{"count":0,"href":"https:\/\/www.europesays.com\/ee\/wp-json\/wp\/v2\/posts\/257226\/revisions"}],"wp:featuredmedia":[{"embeddable":true,"href":"https:\/\/www.europesays.com\/ee\/wp-json\/wp\/v2\/media\/257227"}],"wp:attachment":[{"href":"https:\/\/www.europesays.com\/ee\/wp-json\/wp\/v2\/media?parent=257226"}],"wp:term":[{"taxonomy":"category","embeddable":true,"href":"https:\/\/www.europesays.com\/ee\/wp-json\/wp\/v2\/categories?post=257226"},{"taxonomy":"post_tag","embeddable":true,"href":"https:\/\/www.europesays.com\/ee\/wp-json\/wp\/v2\/tags?post=257226"}],"curies":[{"name":"wp","href":"https:\/\/api.w.org\/{rel}","templated":true}]}}