{"id":257260,"date":"2026-08-21T09:07:39","date_gmt":"2026-08-21T09:07:39","guid":{"rendered":"https:\/\/www.europesays.com\/ee\/257260\/"},"modified":"2026-08-21T09:07:39","modified_gmt":"2026-08-21T09:07:39","slug":"riigikohus-kinnitas-liibuas-toimunu-valguses-halduskonfiskeerimise-lubatavust","status":"publish","type":"post","link":"https:\/\/www.europesays.com\/ee\/257260\/","title":{"rendered":"Riigikohus kinnitas Liib\u00fcas toimunu valguses halduskonfiskeerimise lubatavust"},"content":{"rendered":"<p>J\u00f5ustunud Tallinna Ringkonnakohtu m\u00e4\u00e4rusega j\u00e4eti muutmata halduskohtu luba kanda riigi omandisse 7400 eurot, mis koosnes 37 kahjustatud 200-eurosest pangat\u00e4hest, mille isik oli toonud Eesti Panka \u00fcmbervahetamiseks.<\/p>\n<p>Kohtu hinnangul j\u00e4i k\u00f5nealuses kaasuses vara seotus rahapesukahtlusega p\u00fcsima ning isik esitas raha p\u00e4ritolu kohta vastuolulisi ja ebausutavaid selgitusi. Kohus leidis, et puudutatud isik on suure t\u00f5en\u00e4osusega variisik ning vara tegelikku kasusaajat ei ole \u00f5nnestunud kindlaks teha.<\/p>\n<p>\u201eRaha p\u00e4rines t\u00f5en\u00e4oliselt 2017. aastal Liib\u00fcas avalike allikate v\u00e4itel toimunud pangar\u00f6\u00f6vist. Kuna selle kohta ei ole Eestis v\u00f5imalik koguda t\u00f5endeid kriminaalmenetluse l\u00e4biviimiseks ning t\u00e4idetud olid ka teised seaduses s\u00e4testatud eeldused halduskonfiskeerimiseks, saime seda t\u00f6\u00f6riista kasutada. Seel\u00e4bi anname kurjategijatele j\u00e4rjepidevalt s\u00f5numi, et Eesti ei ole koht, kus proovida raha pesta,\u201c \u00fctles <a rel=\"noopener nofollow\" target=\"_blank\" href=\"https:\/\/www.delfi.ee\/teema\/64407700\/rahapesu-andmeburoo\" tag-id=\"64407700\">Rahapesu Andmeb\u00fcroo<\/a> juht <a rel=\"noopener nofollow\" target=\"_blank\" href=\"https:\/\/www.delfi.ee\/teema\/96847744\/matis-maeker\" tag-id=\"96847744\">Matis M\u00e4eker<\/a>.<\/p>\n<p>\u201eOlulisena sedastab lahend ka rahapesu t\u00f5kestamise menetlustes kogutud teabe ja anal\u00fc\u00fcsimeetodite kaitset. See peegeldab Rahapesu Andmeb\u00fcroo t\u00f6\u00f6 s\u00fcgavamat m\u00f5istmist \u2013 meie t\u00f6\u00f6v\u00f5idud on sageli avalikkuse eest varjatud, olles sisendiks uurimisasutuste t\u00f6\u00f6le,\u201c lisas M\u00e4eker.<\/p>\n<p>Esimesed nn Liib\u00fca rahade vahetuskatsed toimusid Eestis 2018. aastal. P\u00e4rast Rahapesu Andmeb\u00fcroo sekkumist alates 2022. aastast on kohtu otsusel riigi tuludesse m\u00f5istetud sama oletatava rahapesu eelkuriteoga seonduvalt 5 juhul ligi 30 000 eurot.<\/p>\n<p>J\u00f5ustunud kohtu m\u00e4\u00e4ruse leiad <a rel=\"noopener follow nofollow\" target=\"_blank\" href=\"https:\/\/www.riigiteataja.ee\/et\/kohtulahendid\/detailid.html?id=442945426\" data-rel-date-range=\"[]\">siit<\/a>.<\/p>\n<p>Kuidas see lugu Sind end tundma pani?Saada<a href=\"https:\/\/arileht.delfi.ee\/artikkel\/120604823\/riigikohus-kinnitas-liibuas-toimunu-valguse-halduskonfiskeerimise-lubatavust\/kommentaarid\" class=\"button button--primary button--size-auto article-body-bottom__comment article-body-bottom__comment--write\" style=\"\" rel=\"nofollow noopener\" target=\"_blank\">Kommenteeri<\/a><a href=\"https:\/\/arileht.delfi.ee\/artikkel\/120604823\/riigikohus-kinnitas-liibuas-toimunu-valguse-halduskonfiskeerimise-lubatavust\/kommentaarid\" class=\"button button--size-auto article-body-bottom__comment article-body-bottom__comment--read\" style=\"\" rel=\"nofollow noopener\" target=\"_blank\">Loe kommentaare (5)<\/a><\/p>\n","protected":false},"excerpt":{"rendered":"J\u00f5ustunud Tallinna Ringkonnakohtu m\u00e4\u00e4rusega j\u00e4eti muutmata halduskohtu luba kanda riigi omandisse 7400 eurot, mis koosnes 37 kahjustatud 200-eurosest&hellip;\n","protected":false},"author":2,"featured_media":257261,"comment_status":"","ping_status":"","sticky":false,"template":"","format":"standard","meta":{"footnotes":"","_share_on_mastodon":"0"},"categories":[12],"tags":[26,27,37,33,35,34,36,31,32,21,28,29,30820,19,25,3394,3459,5641,11776,23,24,22,20,30],"class_list":["post-257260","post","type-post","status-publish","format-standard","has-post-thumbnail","category-eesti","tag-breaking-news","tag-breakingnews","tag-ee","tag-eesti","tag-eesti-keel","tag-estonia","tag-estonian","tag-featured-news","tag-featurednews","tag-headlines","tag-latest-news","tag-latestnews","tag-matis-maeker","tag-news","tag-populaarseimad-lood","tag-rahapesu","tag-rahapesu-andmeburoo","tag-riigikohus","tag-tallinna-ringkonnakohus","tag-top-stories","tag-topstories","tag-uldised-uudised","tag-uudised","tag-viimased-uudised"],"share_on_mastodon":{"url":"https:\/\/pubeurope.com\/@ee\/117132711971144087","error":""},"_links":{"self":[{"href":"https:\/\/www.europesays.com\/ee\/wp-json\/wp\/v2\/posts\/257260","targetHints":{"allow":["GET"]}}],"collection":[{"href":"https:\/\/www.europesays.com\/ee\/wp-json\/wp\/v2\/posts"}],"about":[{"href":"https:\/\/www.europesays.com\/ee\/wp-json\/wp\/v2\/types\/post"}],"author":[{"embeddable":true,"href":"https:\/\/www.europesays.com\/ee\/wp-json\/wp\/v2\/users\/2"}],"replies":[{"embeddable":true,"href":"https:\/\/www.europesays.com\/ee\/wp-json\/wp\/v2\/comments?post=257260"}],"version-history":[{"count":0,"href":"https:\/\/www.europesays.com\/ee\/wp-json\/wp\/v2\/posts\/257260\/revisions"}],"wp:featuredmedia":[{"embeddable":true,"href":"https:\/\/www.europesays.com\/ee\/wp-json\/wp\/v2\/media\/257261"}],"wp:attachment":[{"href":"https:\/\/www.europesays.com\/ee\/wp-json\/wp\/v2\/media?parent=257260"}],"wp:term":[{"taxonomy":"category","embeddable":true,"href":"https:\/\/www.europesays.com\/ee\/wp-json\/wp\/v2\/categories?post=257260"},{"taxonomy":"post_tag","embeddable":true,"href":"https:\/\/www.europesays.com\/ee\/wp-json\/wp\/v2\/tags?post=257260"}],"curies":[{"name":"wp","href":"https:\/\/api.w.org\/{rel}","templated":true}]}}