{"id":257300,"date":"2026-08-21T09:47:10","date_gmt":"2026-08-21T09:47:10","guid":{"rendered":"https:\/\/www.europesays.com\/ee\/257300\/"},"modified":"2026-08-21T09:47:10","modified_gmt":"2026-08-21T09:47:10","slug":"eik-noored-motestavad-vabadust-labi-popkultuuri-vikerraadio","status":"publish","type":"post","link":"https:\/\/www.europesays.com\/ee\/257300\/","title":{"rendered":"Eik: noored m\u00f5testavad vabadust l\u00e4bi popkultuuri | Vikerraadio"},"content":{"rendered":"<p>Muusik Eik r\u00e4\u00e4kis Vikerraadios, et muretseb selle p\u00e4rast, et meie sisu j\u00e4\u00e4ks alles ja tema jaoks k\u00f5ige suurem vabaduse m\u00e4\u00e4ratlemise vorm on see, kui kultuursed me oleme. Eiki s\u00f5nul m\u00f5testavad t\u00e4nap\u00e4eva noored vabadust l\u00e4bi popkultuuri, tehnoloogia ja ironiseerimise, et maailm on nii pekkis ja et neile on j\u00e4etud mingi k\u00f5rbev pall, mille noored peavad korda tegema. <\/p>\n<p>&#8220;Mul on tugevam side vabariigi aastap\u00e4evaga, sest mu vanaema s\u00fcnnip\u00e4ev oli 24. veebruaril. 20. augustil on mu vanemad alati pannud lipu p\u00fcsti ja kuna sulle on k\u00f5ik juba ette \u00e4ra tehtud, siis oli alguses v\u00e4ga keeruline m\u00f5ista vabaduse v\u00e4\u00e4rtust. Viimastel aastatel l\u00e4bi eesti muusika ja kultuuri olen j\u00f5udnud selleni.<\/p>\n<p>Eelmisel aastal luges Eik Brigitta Davidjantsi raamatut &#8220;K\u00fclmale maale&#8221;. &#8220;Siis hakkasin l\u00f5puks neid s\u00fcndmusi tajuma l\u00e4bi punklugude. Ma arvan, et t\u00e4nap\u00e4eva noored tajuvad vabadus v\u00e4\u00e4rtust t\u00e4iesti teistmoodi. Mulle tundub, et l\u00e4bi popkultuuri on ka eesti noored m\u00f5testanud, kes me tegelikult oleme. &#8220;<\/p>\n<p>&#8220;Ma saan vinguda nende asjade kallal mis praegusel hetkel mulle korda l\u00e4hevad. Mina v\u00f5tan k\u00f5ike kultuurinurga alt, sest see on minu p\u00f5hit\u00f6\u00f6. Langetage k\u00e4ibemaksum\u00e4\u00e4rasid kultuuris\u00fcndmustele. Viimasel ajal tunnen, et on hoiak, et kultuur on k\u00f5ige viimane asi, millesse panustada. Ma muretsen selle p\u00e4rast, et meie sisu j\u00e4\u00e4ks alles ja see on minu jaoks k\u00f5ige suurem vabaduse m\u00e4\u00e4ratlemise vorm, kui kultuursed me oleme.&#8221;<\/p>\n<p>Eik meenutas oma lapsep\u00f5lve j kirjeldas kuidas ta \u00fchel hetkel sai venna vana l\u00e4pakaga, kus hakkas muusikat tegema. &#8220;13-aastaselt \u00f5ppisin produktsiooniprogrammid \u00e4ra ja nii ta l\u00e4ks.&#8221;<\/p>\n<p>Lasteaeda l\u00e4ks Eik alles kuueaastaselt, seni oli vanaemaga kodus ja lasteaias kohalikud maapoisid ei saanud \u00fcldse aru, kes ta selline on. &#8220;Nad korralikult ikka kiusasid mind. Olin palju \u00fcksinda, m\u00e4ngisin \u00f5ues, m\u00f5tlesin oma fantaasiamaailmu v\u00e4lja,&#8221; t\u00f5des Eik.<\/p>\n<p>Eiki s\u00f5nul on tema generatsiooni jaoks k\u00f5ik ikkagi seotud tehnoloogia, popkultuuri ja mingisuguse ironiseerimisega, et maailm on nii pekkis ja et neile on j\u00e4etud mingi k\u00f5rbev pall, mille noored peavad korda tegema.<\/p>\n<p>Juba kolmanda-neljanda singliga oli ta enda meedia huviorbiidis t\u00e4nu Mihkel Rauale. &#8220;Sain \u00fcsna ruttu aru, et v\u00f5ib olla oleks siiski m\u00f5istlik k\u00f5igepealt iseennast muuta ja arendada, siis muutub maailm ka. Mul on olnud oma arenguteel m\u00e4ed ja orud. On olnud l\u00e4bimurdeid ja siis ma j\u00e4lle otsustan, et ei taha seda t\u00e4helepanu. Mulle meeldib \u0161okeerida nii iseennast kui oma publikut.&#8221;<\/p>\n<p>&#8220;\u00dcritan alati iseennast \u00fcletada ja olla iseenda parim versioon. Kirjutan k\u00f5igepealt enda jaoks ja siis on see publiku oma, mida ma olen kirjutanud,&#8221; s\u00f5nas Eik.<\/p>\n<p>Eik t\u00f5i v\u00e4lja et igasuguse s\u00f5ltuvuse vastand on hea kollektiiv, mingi \u00e4ge kommuun. &#8220;Kui mul on s\u00f5pradega midagi \u00e4gedat teha, \u00e4ge projekt k\u00e4sil, siis ma ei sirvi absoluutselt netti, aga kui tekib vaba hetk on v\u00e4ga lihtne kukkuda auku, kui istud \u00fcksinda kurvalt kodus ja vaatad, kuidas keegi teine teeb kuskil \u00e4gedaid asju v\u00f5i loed uudiseid, kus on h\u00e4sti palju negatiivset,&#8221; t\u00f5i Eik v\u00e4lja.<\/p>\n<p>&#8220;Minu k\u00f5ige tugevam pere on hetkel mu pruut, kellega koos Koplis elame ja ema-isa, kes elavad k\u00fcll n\u00fc\u00fcd lahus, aga kellega ma igap\u00e4evaselt suhtlen. Kui mul on mure v\u00f5i k\u00fcsimus, siis ma ikkagi kipun k\u00fcsima emalt n\u00f5u,&#8221; muheles muusik.<\/p>\n","protected":false},"excerpt":{"rendered":"Muusik Eik r\u00e4\u00e4kis Vikerraadios, et muretseb selle p\u00e4rast, et meie sisu j\u00e4\u00e4ks alles ja tema jaoks k\u00f5ige suurem&hellip;\n","protected":false},"author":2,"featured_media":257301,"comment_status":"","ping_status":"","sticky":false,"template":"","format":"standard","meta":{"footnotes":"","_share_on_mastodon":"0"},"categories":[16],"tags":[37,33,35,4685,173,34,36,140],"class_list":["post-257300","post","type-post","status-publish","format-standard","has-post-thumbnail","category-meelelahutus","tag-ee","tag-eesti","tag-eesti-keel","tag-eik","tag-entertainment","tag-estonia","tag-estonian","tag-meelelahutus"],"share_on_mastodon":{"url":"https:\/\/pubeurope.com\/@ee\/117132869430411374","error":""},"_links":{"self":[{"href":"https:\/\/www.europesays.com\/ee\/wp-json\/wp\/v2\/posts\/257300","targetHints":{"allow":["GET"]}}],"collection":[{"href":"https:\/\/www.europesays.com\/ee\/wp-json\/wp\/v2\/posts"}],"about":[{"href":"https:\/\/www.europesays.com\/ee\/wp-json\/wp\/v2\/types\/post"}],"author":[{"embeddable":true,"href":"https:\/\/www.europesays.com\/ee\/wp-json\/wp\/v2\/users\/2"}],"replies":[{"embeddable":true,"href":"https:\/\/www.europesays.com\/ee\/wp-json\/wp\/v2\/comments?post=257300"}],"version-history":[{"count":0,"href":"https:\/\/www.europesays.com\/ee\/wp-json\/wp\/v2\/posts\/257300\/revisions"}],"wp:featuredmedia":[{"embeddable":true,"href":"https:\/\/www.europesays.com\/ee\/wp-json\/wp\/v2\/media\/257301"}],"wp:attachment":[{"href":"https:\/\/www.europesays.com\/ee\/wp-json\/wp\/v2\/media?parent=257300"}],"wp:term":[{"taxonomy":"category","embeddable":true,"href":"https:\/\/www.europesays.com\/ee\/wp-json\/wp\/v2\/categories?post=257300"},{"taxonomy":"post_tag","embeddable":true,"href":"https:\/\/www.europesays.com\/ee\/wp-json\/wp\/v2\/tags?post=257300"}],"curies":[{"name":"wp","href":"https:\/\/api.w.org\/{rel}","templated":true}]}}