{"id":257328,"date":"2026-08-21T10:13:11","date_gmt":"2026-08-21T10:13:11","guid":{"rendered":"https:\/\/www.europesays.com\/ee\/257328\/"},"modified":"2026-08-21T10:13:11","modified_gmt":"2026-08-21T10:13:11","slug":"liina-raua-elus-algab-uus-ponev-peatukk-eesti-suvi-saab-otsa-aga-mitte-meie-aeg-siin","status":"publish","type":"post","link":"https:\/\/www.europesays.com\/ee\/257328\/","title":{"rendered":"Liina Raua elus algab uus p\u00f5nev peat\u00fckk. \u201eEesti suvi saab otsa, aga mitte meie aeg siin\u201c"},"content":{"rendered":"<p>Fotograaf ja n\u00e4itleja Liina Raud (38) tegi eile sotsiaalmeediasse Eesti taasiseseisvumise ja koduriigi auks postituse. \u201eEesti suvi saab otsa. Aga mitte meie aeg siin. Algab hoopis uus p\u00f5nev peat\u00fckk! Kas on v\u00f5imalik j\u00e4tkata sealt, kus 10 aastat tagasi pooleli j\u00e4i?! Ainus viis teada saada on teada saada,\u201c kirjutas ta salap\u00e4ra \u00f5hku j\u00e4ttes Facebookis. <\/p>\n<p>Liina lisas oma postitusse ansambli Sadu laulust \u201eIgavene\u201c inspireeritud lauluread: \u201eEt mu silmad oleks palju n\u00e4inud. Ja mu jalad oleks kaugel k\u00e4inud. Ja mu s\u00fcda oleks julgust t\u00e4is!\u201c<\/p>\n<p>Eestile edastas Liina ka armsad pidup\u00e4evasoovid ja -\u00f5nnitlused. \u201e Ait\u00e4h, et oled veel olemas tugeva, iseseisva ja julgust t\u00e4is riigina, kuhu mul on v\u00f5imalus tulla, kasvatada lapsi, tunda end julgelt ja uhkelt,\u201c s\u00f5nas ta veel. <\/p>\n<p>Liina r\u00e4\u00e4kis <a rel=\"noopener follow nofollow\" target=\"_blank\" href=\"https:\/\/kroonika.delfi.ee\/artikkel\/120594134\/liina-raud-elust-ameerikas-uksikemast-immigrandil-on-vaga-raske-kaaslast-enda-korvale-leida\" data-rel-date-range=\"[]\">Kroonikale juulis antud intervjuus<\/a>, miks on ta kodumaal tavap\u00e4rasest pikemalt. \u201eOlen maad kuulamas ja otsimas v\u00f5imalikke investoreid, organisatsioone, produktsioonipartnereid ja fonde, kes oleksid huvitatud tegema filmiprojekti, mille auhinnafond on plaanitud olema v\u00e4gagi muljetavaldav. See on l\u00fchifilmide v\u00f5istlus, mis pikemas plaanis peaks siduma siinseid filmitootjaid v\u00e4lismaise kinoturuga ja pakkuma v\u00e4ljundi globaalses levis. Minu eesm\u00e4rk on selgeks teha, milliseks koost\u00f6\u00f6ks selles regioonis on v\u00f5imekus ja kas koost\u00f6\u00f6d saaks teha ka Ukrainaga,\u201c \u00fctles ta siis. <\/p>\n<p>Liina ja tema eksabikaasa Mihkel Raua peres kasvavad t\u00fctar Mirjam ning poeg Joosep. <\/p>\n<p>Kuidas see lugu Sind end tundma pani?Saada<a href=\"https:\/\/kroonika.delfi.ee\/artikkel\/120605135\/liina-raua-elus-algab-uus-ponev-peatukk-eesti-suvi-saab-otsa-aga-mitte-meie-aeg-siin\/kommentaarid\" class=\"button button--primary button--size-auto article-body-bottom__comment article-body-bottom__comment--write\" style=\"\" rel=\"nofollow noopener\" target=\"_blank\">Kommenteeri<\/a><a href=\"https:\/\/kroonika.delfi.ee\/artikkel\/120605135\/liina-raua-elus-algab-uus-ponev-peatukk-eesti-suvi-saab-otsa-aga-mitte-meie-aeg-siin\/kommentaarid\" class=\"button button--size-auto article-body-bottom__comment article-body-bottom__comment--read\" style=\"\" rel=\"nofollow noopener\" target=\"_blank\">Loe kommentaare (12)<\/a><\/p>\n","protected":false},"excerpt":{"rendered":"Fotograaf ja n\u00e4itleja Liina Raud (38) tegi eile sotsiaalmeediasse Eesti taasiseseisvumise ja koduriigi auks postituse. \u201eEesti suvi saab&hellip;\n","protected":false},"author":2,"featured_media":257329,"comment_status":"","ping_status":"","sticky":false,"template":"","format":"standard","meta":{"footnotes":"","_share_on_mastodon":"0"},"categories":[12],"tags":[26,27,37,33,35,34,36,31,32,21,28,29,4632,1245,19,25,23,24,22,20,30],"class_list":["post-257328","post","type-post","status-publish","format-standard","has-post-thumbnail","category-eesti","tag-breaking-news","tag-breakingnews","tag-ee","tag-eesti","tag-eesti-keel","tag-estonia","tag-estonian","tag-featured-news","tag-featurednews","tag-headlines","tag-latest-news","tag-latestnews","tag-liina-raud","tag-mihkel-raud","tag-news","tag-populaarseimad-lood","tag-top-stories","tag-topstories","tag-uldised-uudised","tag-uudised","tag-viimased-uudised"],"share_on_mastodon":{"url":"https:\/\/pubeurope.com\/@ee\/117132971414614834","error":""},"_links":{"self":[{"href":"https:\/\/www.europesays.com\/ee\/wp-json\/wp\/v2\/posts\/257328","targetHints":{"allow":["GET"]}}],"collection":[{"href":"https:\/\/www.europesays.com\/ee\/wp-json\/wp\/v2\/posts"}],"about":[{"href":"https:\/\/www.europesays.com\/ee\/wp-json\/wp\/v2\/types\/post"}],"author":[{"embeddable":true,"href":"https:\/\/www.europesays.com\/ee\/wp-json\/wp\/v2\/users\/2"}],"replies":[{"embeddable":true,"href":"https:\/\/www.europesays.com\/ee\/wp-json\/wp\/v2\/comments?post=257328"}],"version-history":[{"count":0,"href":"https:\/\/www.europesays.com\/ee\/wp-json\/wp\/v2\/posts\/257328\/revisions"}],"wp:featuredmedia":[{"embeddable":true,"href":"https:\/\/www.europesays.com\/ee\/wp-json\/wp\/v2\/media\/257329"}],"wp:attachment":[{"href":"https:\/\/www.europesays.com\/ee\/wp-json\/wp\/v2\/media?parent=257328"}],"wp:term":[{"taxonomy":"category","embeddable":true,"href":"https:\/\/www.europesays.com\/ee\/wp-json\/wp\/v2\/categories?post=257328"},{"taxonomy":"post_tag","embeddable":true,"href":"https:\/\/www.europesays.com\/ee\/wp-json\/wp\/v2\/tags?post=257328"}],"curies":[{"name":"wp","href":"https:\/\/api.w.org\/{rel}","templated":true}]}}