{"id":257440,"date":"2026-08-21T12:46:07","date_gmt":"2026-08-21T12:46:07","guid":{"rendered":"https:\/\/www.europesays.com\/ee\/257440\/"},"modified":"2026-08-21T12:46:07","modified_gmt":"2026-08-21T12:46:07","slug":"osa-saksamaale-valjaoppele-saadetud-ukraina-soduritest-kasutab-voimalust-deserteerumiseks","status":"publish","type":"post","link":"https:\/\/www.europesays.com\/ee\/257440\/","title":{"rendered":"Osa Saksamaale v\u00e4lja\u00f5ppele saadetud Ukraina s\u00f5duritest kasutab v\u00f5imalust deserteerumiseks"},"content":{"rendered":"<p>K\u00f5nealused s\u00f5durid olid saabunud Ukrainast Saksamaale, et l\u00e4bida seal <a rel=\"noopener nofollow\" target=\"_blank\" href=\"https:\/\/www.delfi.ee\/teema\/96939147\/valjaope\" tag-id=\"96939147\">v\u00e4lja\u00f5pe<\/a>. S\u00f5durid aga lahkusid v\u00e4lja\u00f5ppealalt, et v\u00e4ltida Ukrainasse tagasi saatmist. S\u00f5durite deserteerumine on osa Ukraina s\u00fcvenevast elavj\u00f5upuudusest, mis sunnib peale vabatahtlike v\u00f5tmise <a rel=\"noopener nofollow\" target=\"_blank\" href=\"https:\/\/www.delfi.ee\/teema\/96859965\/mobilisatsioon-1\" tag-id=\"96859965\">mobilisatsiooni<\/a> teel s\u00f5dureid juurde v\u00e4rbama.  <\/p>\n<p>Ukraina seaduse j\u00e4rgi kvalifitseeritakse s\u00f5jav\u00e4e \u00fcksuse juurest omavolilist lahkumist eesm\u00e4rgiga hoida k\u00f5rvale s\u00f5jav\u00e4eteenistusest deserteerumisena. S\u00f5jaseisukorra ajal v\u00f5ib deserteerumise eest m\u00e4\u00e4ratav karistus olla kuni 12 aastat vangistust.<\/p>\n<p class=\"Paragraph SCXW109826330 BCX2\">Enamik desert\u00f6\u00f6re on olnud mobiliseeritud, mitte vabatahtlikult relvaj\u00f5ududega liitunud. Deserteerunud s\u00f5durid kasutasid \u00e4ra oma v\u00e4lisl\u00e4hetust, et \u00fcksuse juurest lahkuda ning Saksamaale j\u00e4\u00e4da. <\/p>\n<p class=\"Paragraph SCXW109826330 BCX2\">V\u00e4ejooksikute \u00f5iguslik staatus on Saksamaal ebakindel. Kuna <a rel=\"noopener nofollow\" target=\"_blank\" href=\"https:\/\/www.delfi.ee\/teema\/96847582\/ukraina-sodurid\" tag-id=\"96847582\">Ukraina s\u00f5durid<\/a> on Ukraina valitsus ametlikult Saksamaale saatnud, ei kvalifitseeru nad p\u00f5genikeks ega saa taotleda ajutist kaitset. <\/p>\n<p class=\"Paragraph SCXW109826330 BCX2\">Kuigi EL oli n\u00f5us pikendama aasta v\u00f5rra 4,4 miljoni Ukraina p\u00f5geniku ajutist kaitset, karmistavad ELi riigid Ukrainast saabuvatele s\u00f5jav\u00e4e-ealistele meestele kehtivaid reegleid. <a rel=\"noopener nofollow\" target=\"_blank\" href=\"https:\/\/www.delfi.ee\/teema\/24583397\/berliin\" tag-id=\"24583397\">Berliin<\/a> ja <a rel=\"noopener nofollow\" target=\"_blank\" href=\"https:\/\/www.delfi.ee\/teema\/29718775\/kiiev\" tag-id=\"29718775\">Kiiev<\/a> otsivad lahendusi, kuidas \u00f5hutada ja survestada s\u00f5jav\u00e4e-ealisi mehi Ukrainasse naasma. <\/p>\n<p class=\"Paragraph SCXW109826330 BCX2\">Saksamaal on v\u00e4lja\u00f5ppe saanud \u00fcle 25 000 Ukraina s\u00f5duri. Saksmaa pakub v\u00e4lja\u00f5pet Euroopa Liidu s\u00f5jalise abi missiooni (EUMAM UA) raames. Projekt algas 2022. aastal ja selles osaleb 22 riiki. Selle projekti raames on \u00fcle 87 000 Ukraina s\u00f5duri saanud v\u00e4lja\u00f5pet, mis h\u00f5lmab militaarvarustuse kasutamist, relvade k\u00e4sitsemist ja esmaabi. <\/p>\n<p>Kuidas see lugu Sind end tundma pani?Saada<a href=\"https:\/\/www.delfi.ee\/artikkel\/120605228\/osa-saksamaale-valjaoppele-saadetud-ukraina-soduritest-kasutab-voimalust-deserteerumiseks\/kommentaarid\" class=\"button button--primary button--size-auto article-body-bottom__comment article-body-bottom__comment--write\" style=\"\" rel=\"nofollow noopener\" target=\"_blank\">Kommenteeri<\/a><a href=\"https:\/\/www.delfi.ee\/artikkel\/120605228\/osa-saksamaale-valjaoppele-saadetud-ukraina-soduritest-kasutab-voimalust-deserteerumiseks\/kommentaarid\" class=\"button button--size-auto article-body-bottom__comment article-body-bottom__comment--read\" style=\"\" rel=\"nofollow noopener\" target=\"_blank\">Loe kommentaare (1)<\/a><\/p>\n","protected":false},"excerpt":{"rendered":"K\u00f5nealused s\u00f5durid olid saabunud Ukrainast Saksamaale, et l\u00e4bida seal v\u00e4lja\u00f5pe. S\u00f5durid aga lahkusid v\u00e4lja\u00f5ppealalt, et v\u00e4ltida Ukrainasse tagasi&hellip;\n","protected":false},"author":2,"featured_media":257441,"comment_status":"","ping_status":"","sticky":false,"template":"","format":"standard","meta":{"footnotes":"","_share_on_mastodon":"0"},"categories":[80],"tags":[613,26,27,37,33,35,34,36,590,31,32,21,1208,28,29,95,6822,19,25,51,107,23,24,91044,124,7329,22,20,6824,1926,30,92,93,94],"class_list":["post-257440","post","type-post","status-publish","format-standard","has-post-thumbnail","category-maailm","tag-berliin","tag-breaking-news","tag-breakingnews","tag-ee","tag-eesti","tag-eesti-keel","tag-estonia","tag-estonian","tag-euroopa-liit","tag-featured-news","tag-featurednews","tag-headlines","tag-kiiev","tag-latest-news","tag-latestnews","tag-maailm","tag-mobilisatsioon","tag-news","tag-populaarseimad-lood","tag-saksamaa","tag-soda-ukrainas","tag-top-stories","tag-topstories","tag-ukraina-pogenikud","tag-ukraina-soda","tag-ukraina-sodurid","tag-uldised-uudised","tag-uudised","tag-valjaope","tag-venemaa-ukraina-soda","tag-viimased-uudised","tag-world","tag-world-news","tag-worldnews"],"share_on_mastodon":{"url":"","error":"Validation failed: Text character limit of 500 exceeded"},"_links":{"self":[{"href":"https:\/\/www.europesays.com\/ee\/wp-json\/wp\/v2\/posts\/257440","targetHints":{"allow":["GET"]}}],"collection":[{"href":"https:\/\/www.europesays.com\/ee\/wp-json\/wp\/v2\/posts"}],"about":[{"href":"https:\/\/www.europesays.com\/ee\/wp-json\/wp\/v2\/types\/post"}],"author":[{"embeddable":true,"href":"https:\/\/www.europesays.com\/ee\/wp-json\/wp\/v2\/users\/2"}],"replies":[{"embeddable":true,"href":"https:\/\/www.europesays.com\/ee\/wp-json\/wp\/v2\/comments?post=257440"}],"version-history":[{"count":0,"href":"https:\/\/www.europesays.com\/ee\/wp-json\/wp\/v2\/posts\/257440\/revisions"}],"wp:featuredmedia":[{"embeddable":true,"href":"https:\/\/www.europesays.com\/ee\/wp-json\/wp\/v2\/media\/257441"}],"wp:attachment":[{"href":"https:\/\/www.europesays.com\/ee\/wp-json\/wp\/v2\/media?parent=257440"}],"wp:term":[{"taxonomy":"category","embeddable":true,"href":"https:\/\/www.europesays.com\/ee\/wp-json\/wp\/v2\/categories?post=257440"},{"taxonomy":"post_tag","embeddable":true,"href":"https:\/\/www.europesays.com\/ee\/wp-json\/wp\/v2\/tags?post=257440"}],"curies":[{"name":"wp","href":"https:\/\/api.w.org\/{rel}","templated":true}]}}