{"id":257494,"date":"2026-08-21T13:41:10","date_gmt":"2026-08-21T13:41:10","guid":{"rendered":"https:\/\/www.europesays.com\/ee\/257494\/"},"modified":"2026-08-21T13:41:10","modified_gmt":"2026-08-21T13:41:10","slug":"lati-paneb-venemaaga-aritsevad-ettevotted-avalikku-habiposti-eestis-seadus-seda-ei-luba","status":"publish","type":"post","link":"https:\/\/www.europesays.com\/ee\/257494\/","title":{"rendered":"L\u00e4ti paneb Venemaaga \u00e4ritsevad ettev\u00f5tted avalikku h\u00e4biposti, Eestis seadus seda ei luba"},"content":{"rendered":"<p>L\u00e4ti rahvusringh\u00e4\u00e4ling vahendab, et mainitud nimekirjas on firmad, mis kas ekspordivad Venemaale v\u00f5i Valgevenesse kaupu v\u00f5i impordivad neid sealt. Tuleb r\u00f5hutada, et tegemist pole rahvusvahelisi sanktsioone rikkuvate ettev\u00f5tete nimekirjaga, vaid nimekirjaga ettev\u00f5tetest, mis j\u00e4tkavad \u00e4ritegevust <a rel=\"noopener nofollow\" target=\"_blank\" href=\"https:\/\/www.delfi.ee\/teema\/96852098\/sanktsioonid-1\" tag-id=\"96852098\">sanktsioonide<\/a> alla mittekuuluvates valdkondades. N\u00e4iteks toiduained ja ravimid. Kuigi tegevus on moraalselt taunitav, ei tee nimekirjas olevad ettev\u00f5tted midagi ebaseaduslikku.<\/p>\n<p>Majandus- ja t\u00f6\u00f6stusminister Erkki Keldo (Reformierakond) selgitas Delfile, et t\u00e4na kehtiva seaduse j\u00e4rgi ei saa Eesti riik avaldada nimekirja ettev\u00f5tetest, kes Venemaa v\u00f5i Valgevenega kauplevad, sest maksu- ja tolliameti k\u00e4sutuses olevad ettev\u00f5tete maksu- ja tolliandmed on <a rel=\"noopener nofollow\" target=\"_blank\" href=\"https:\/\/www.delfi.ee\/teema\/96939713\/maksusaladus\" tag-id=\"96939713\">maksusaladusega<\/a> kaitstud. <\/p>\n<p><a href=\"https:\/\/www.delfi.ee\/artikkel\/120605206\/lati-paneb-venemaaga-aritsevad-ettevotted-avalikku-habiposti-eestis-seadus-seda-ei-luba\/kommentaarid\" class=\"button button--primary button--size-auto article-body-bottom__comment article-body-bottom__comment--write\" style=\"\" rel=\"nofollow noopener\" target=\"_blank\">Kommenteeri<\/a><a href=\"https:\/\/www.delfi.ee\/artikkel\/120605206\/lati-paneb-venemaaga-aritsevad-ettevotted-avalikku-habiposti-eestis-seadus-seda-ei-luba\/kommentaarid\" class=\"button button--size-auto article-body-bottom__comment article-body-bottom__comment--read\" style=\"\" rel=\"nofollow noopener\" target=\"_blank\">Loe kommentaare (57)<\/a><\/p>\n","protected":false},"excerpt":{"rendered":"L\u00e4ti rahvusringh\u00e4\u00e4ling vahendab, et mainitud nimekirjas on firmad, mis kas ekspordivad Venemaale v\u00f5i Valgevenesse kaupu v\u00f5i impordivad neid&hellip;\n","protected":false},"author":2,"featured_media":257495,"comment_status":"","ping_status":"","sticky":false,"template":"","format":"standard","meta":{"footnotes":"","_share_on_mastodon":"0"},"categories":[80],"tags":[26,27,37,33,35,2197,34,36,31,32,21,28,29,114,95,100405,19,25,2797,23,24,22,20,2170,96,30,92,93,94],"class_list":["post-257494","post","type-post","status-publish","format-standard","has-post-thumbnail","category-maailm","tag-breaking-news","tag-breakingnews","tag-ee","tag-eesti","tag-eesti-keel","tag-erkki-keldo","tag-estonia","tag-estonian","tag-featured-news","tag-featurednews","tag-headlines","tag-latest-news","tag-latestnews","tag-lati","tag-maailm","tag-maksusaladus","tag-news","tag-populaarseimad-lood","tag-sanktsioonid","tag-top-stories","tag-topstories","tag-uldised-uudised","tag-uudised","tag-valgevene","tag-venemaa","tag-viimased-uudised","tag-world","tag-world-news","tag-worldnews"],"share_on_mastodon":{"url":"","error":""},"_links":{"self":[{"href":"https:\/\/www.europesays.com\/ee\/wp-json\/wp\/v2\/posts\/257494","targetHints":{"allow":["GET"]}}],"collection":[{"href":"https:\/\/www.europesays.com\/ee\/wp-json\/wp\/v2\/posts"}],"about":[{"href":"https:\/\/www.europesays.com\/ee\/wp-json\/wp\/v2\/types\/post"}],"author":[{"embeddable":true,"href":"https:\/\/www.europesays.com\/ee\/wp-json\/wp\/v2\/users\/2"}],"replies":[{"embeddable":true,"href":"https:\/\/www.europesays.com\/ee\/wp-json\/wp\/v2\/comments?post=257494"}],"version-history":[{"count":0,"href":"https:\/\/www.europesays.com\/ee\/wp-json\/wp\/v2\/posts\/257494\/revisions"}],"wp:featuredmedia":[{"embeddable":true,"href":"https:\/\/www.europesays.com\/ee\/wp-json\/wp\/v2\/media\/257495"}],"wp:attachment":[{"href":"https:\/\/www.europesays.com\/ee\/wp-json\/wp\/v2\/media?parent=257494"}],"wp:term":[{"taxonomy":"category","embeddable":true,"href":"https:\/\/www.europesays.com\/ee\/wp-json\/wp\/v2\/categories?post=257494"},{"taxonomy":"post_tag","embeddable":true,"href":"https:\/\/www.europesays.com\/ee\/wp-json\/wp\/v2\/tags?post=257494"}],"curies":[{"name":"wp","href":"https:\/\/api.w.org\/{rel}","templated":true}]}}