{"id":257498,"date":"2026-08-21T13:43:42","date_gmt":"2026-08-21T13:43:42","guid":{"rendered":"https:\/\/www.europesays.com\/ee\/257498\/"},"modified":"2026-08-21T13:43:42","modified_gmt":"2026-08-21T13:43:42","slug":"viljandimaa-bussidel-muutuvad-soiduajad-ja-marsruudid","status":"publish","type":"post","link":"https:\/\/www.europesays.com\/ee\/257498\/","title":{"rendered":"Viljandimaa bussidel muutuvad s\u00f5iduajad ja marsruudid"},"content":{"rendered":"<p>31. augustist ja 1. septembrist muutub 20 maakonnaliini bussi graafik v\u00f5i marsruut. Liinil number 57D, mis loodi selleks, et Abja g\u00fcmnaasiumi \u00f5pilased maja remondi ajal M\u00f5isak\u00fclla kooli p\u00e4\u00e4seksid, buss enam ei s\u00f5ida.<\/p>\n<p class=\"isSelectedEnd\">Viljandimaa \u00fchistranspordikeskuse juhi Kaupo Kase s\u00f5nul kohandatakse s\u00f5iduplaanid ja marsruudid s\u00f5itjate vajadustele ning liinide tegelikule kasutusele vastavaks.<\/p>\n","protected":false},"excerpt":{"rendered":"31. augustist ja 1. septembrist muutub 20 maakonnaliini bussi graafik v\u00f5i marsruut. Liinil number 57D, mis loodi selleks,&hellip;\n","protected":false},"author":2,"featured_media":257499,"comment_status":"","ping_status":"","sticky":false,"template":"","format":"standard","meta":{"footnotes":"","_share_on_mastodon":"0"},"categories":[5],"tags":[622,26,27,37,33,35,34,36,31,32,1780,21,1781,28,29,1778,1773,19,1774,25,1771,1779,23,24,196,22,20,30,986,1782,1776,1777,1775,1772,1784,1785,1783,598],"class_list":["post-257498","post","type-post","status-publish","format-standard","has-post-thumbnail","category-uldised-uudised","tag-ajakirjandus","tag-breaking-news","tag-breakingnews","tag-ee","tag-eesti","tag-eesti-keel","tag-estonia","tag-estonian","tag-featured-news","tag-featurednews","tag-folk","tag-headlines","tag-kultuuriakadeemia","tag-latest-news","tag-latestnews","tag-mulgi-vald","tag-mulgimaa","tag-news","tag-pohja-sakala","tag-populaarseimad-lood","tag-sakala","tag-soomaa","tag-top-stories","tag-topstories","tag-ugala","tag-uldised-uudised","tag-uudised","tag-viimased-uudised","tag-viljandi","tag-viljandi-haigla","tag-viljandi-linn","tag-viljandi-uudised","tag-viljandi-vald","tag-viljandimaa","tag-viljandimaa-ettevotlus","tag-viljandimaa-sundmused","tag-viljandimaa-uudised","tag-vortsjarv"],"share_on_mastodon":{"url":"","error":"Validation failed: Text character limit of 500 exceeded"},"_links":{"self":[{"href":"https:\/\/www.europesays.com\/ee\/wp-json\/wp\/v2\/posts\/257498","targetHints":{"allow":["GET"]}}],"collection":[{"href":"https:\/\/www.europesays.com\/ee\/wp-json\/wp\/v2\/posts"}],"about":[{"href":"https:\/\/www.europesays.com\/ee\/wp-json\/wp\/v2\/types\/post"}],"author":[{"embeddable":true,"href":"https:\/\/www.europesays.com\/ee\/wp-json\/wp\/v2\/users\/2"}],"replies":[{"embeddable":true,"href":"https:\/\/www.europesays.com\/ee\/wp-json\/wp\/v2\/comments?post=257498"}],"version-history":[{"count":0,"href":"https:\/\/www.europesays.com\/ee\/wp-json\/wp\/v2\/posts\/257498\/revisions"}],"wp:featuredmedia":[{"embeddable":true,"href":"https:\/\/www.europesays.com\/ee\/wp-json\/wp\/v2\/media\/257499"}],"wp:attachment":[{"href":"https:\/\/www.europesays.com\/ee\/wp-json\/wp\/v2\/media?parent=257498"}],"wp:term":[{"taxonomy":"category","embeddable":true,"href":"https:\/\/www.europesays.com\/ee\/wp-json\/wp\/v2\/categories?post=257498"},{"taxonomy":"post_tag","embeddable":true,"href":"https:\/\/www.europesays.com\/ee\/wp-json\/wp\/v2\/tags?post=257498"}],"curies":[{"name":"wp","href":"https:\/\/api.w.org\/{rel}","templated":true}]}}