{"id":257500,"date":"2026-08-21T13:49:09","date_gmt":"2026-08-21T13:49:09","guid":{"rendered":"https:\/\/www.europesays.com\/ee\/257500\/"},"modified":"2026-08-21T13:49:09","modified_gmt":"2026-08-21T13:49:09","slug":"fotod-kartsu-ja-murtsu-tais-ohtu-noep-andis-pirita-kloostri-varemetes-eriliselt-vaatemangulise-kontserdi","status":"publish","type":"post","link":"https:\/\/www.europesays.com\/ee\/257500\/","title":{"rendered":"FOTOD | K\u00e4rtsu ja m\u00fcrtsu t\u00e4is \u00f5htu! NO\u00cbP andis Pirita kloostri varemetes eriliselt vaatem\u00e4ngulise kontserdi"},"content":{"rendered":"<p>Kolmap\u00e4eva 19. augusti \u00f5htul vallutas <a rel=\"noopener nofollow\" target=\"_blank\" href=\"https:\/\/www.delfi.ee\/teema\/57170746\/pirita-kloostri-varemed\" tag-id=\"57170746\">Pirita kloostri varemed<\/a> valitsev Eesti seksikaim mees NO\u00cbP, kes t\u00f5i v\u00e4ljam\u00fc\u00fcdud kontserdil rahva ette oma parimad hitid ja uued lood. Ainult selleks \u00f5htuks loodud s\u00f5u j\u00f5udis publikuni unikaalselt 360 kraadi lavalt ja publik sai osa p\u00f5nevatest tehnilistest lahendustest.<\/p>\n<p>\u201eOlen viimased paar aastat tegelenud uue tehnilise lahenduse leiutamisega, mis annaks mulle kontserdil t\u00e4ieliku vabaduse liikuda live-elektroonikaga just sinna, kuhu parasjagu tunne viib. Pirital saab selle tulemuse esmakordselt publiku ette tuua. See teeb antud kontserdi minu jaoks v\u00e4ga p\u00f5nevaks, kuna tegu on suures osas kohapeal improviseerimisega. Samuti annavad Pirita kloostri varemed suurep\u00e4rase v\u00f5imaluse \u00f5hustiku loomiseks, mis seob lava, publiku ja visuaalefektid \u00fchtseks kaasahaaravaks tervikuks,\u201c r\u00e4\u00e4kis NO\u00cbP ehk <a rel=\"noopener nofollow\" target=\"_blank\" href=\"https:\/\/www.delfi.ee\/teema\/63928151\/andres-kopper\" tag-id=\"63928151\">Andres K\u00f5pper<\/a> enne kontserti s\u00fcndmuse Facebooki kontol. <\/p>\n<p>Lisaks NO\u00cbPile astusid s\u00fcndmusel \u00fcles Karl Killing ja Muudu.<\/p>\n<p>Kuidas see lugu Sind end tundma pani?Saada<a href=\"https:\/\/kroonika.delfi.ee\/artikkel\/120605210\/fotod-kartsu-ja-murtsu-tais-ohtu-noep-andis-pirita-kloostri-varemetes-eriliselt-vaatemangulise-kontserdi\/kommentaarid\" class=\"button button--primary button--size-auto article-body-bottom__comment article-body-bottom__comment--write\" style=\"\" rel=\"nofollow noopener\" target=\"_blank\">Kommenteeri<\/a><a href=\"https:\/\/kroonika.delfi.ee\/artikkel\/120605210\/fotod-kartsu-ja-murtsu-tais-ohtu-noep-andis-pirita-kloostri-varemetes-eriliselt-vaatemangulise-kontserdi\/kommentaarid\" class=\"button button--size-auto article-body-bottom__comment article-body-bottom__comment--read\" style=\"\" rel=\"nofollow noopener\" target=\"_blank\">Loe kommentaare (3)<\/a><\/p>\n","protected":false},"excerpt":{"rendered":"Kolmap\u00e4eva 19. augusti \u00f5htul vallutas Pirita kloostri varemed valitsev Eesti seksikaim mees NO\u00cbP, kes t\u00f5i v\u00e4ljam\u00fc\u00fcdud kontserdil rahva&hellip;\n","protected":false},"author":2,"featured_media":257501,"comment_status":"","ping_status":"","sticky":false,"template":"","format":"standard","meta":{"footnotes":"","_share_on_mastodon":"0"},"categories":[16],"tags":[16641,37,33,35,173,34,36,140,16538,100406],"class_list":["post-257500","post","type-post","status-publish","format-standard","has-post-thumbnail","category-meelelahutus","tag-andres-kopper","tag-ee","tag-eesti","tag-eesti-keel","tag-entertainment","tag-estonia","tag-estonian","tag-meelelahutus","tag-noep","tag-pirita-kloostri-varemed"],"share_on_mastodon":{"url":"https:\/\/pubeurope.com\/@ee\/117133820865019781","error":""},"_links":{"self":[{"href":"https:\/\/www.europesays.com\/ee\/wp-json\/wp\/v2\/posts\/257500","targetHints":{"allow":["GET"]}}],"collection":[{"href":"https:\/\/www.europesays.com\/ee\/wp-json\/wp\/v2\/posts"}],"about":[{"href":"https:\/\/www.europesays.com\/ee\/wp-json\/wp\/v2\/types\/post"}],"author":[{"embeddable":true,"href":"https:\/\/www.europesays.com\/ee\/wp-json\/wp\/v2\/users\/2"}],"replies":[{"embeddable":true,"href":"https:\/\/www.europesays.com\/ee\/wp-json\/wp\/v2\/comments?post=257500"}],"version-history":[{"count":0,"href":"https:\/\/www.europesays.com\/ee\/wp-json\/wp\/v2\/posts\/257500\/revisions"}],"wp:featuredmedia":[{"embeddable":true,"href":"https:\/\/www.europesays.com\/ee\/wp-json\/wp\/v2\/media\/257501"}],"wp:attachment":[{"href":"https:\/\/www.europesays.com\/ee\/wp-json\/wp\/v2\/media?parent=257500"}],"wp:term":[{"taxonomy":"category","embeddable":true,"href":"https:\/\/www.europesays.com\/ee\/wp-json\/wp\/v2\/categories?post=257500"},{"taxonomy":"post_tag","embeddable":true,"href":"https:\/\/www.europesays.com\/ee\/wp-json\/wp\/v2\/tags?post=257500"}],"curies":[{"name":"wp","href":"https:\/\/api.w.org\/{rel}","templated":true}]}}