{"id":257544,"date":"2026-08-21T14:45:08","date_gmt":"2026-08-21T14:45:08","guid":{"rendered":"https:\/\/www.europesays.com\/ee\/257544\/"},"modified":"2026-08-21T14:45:08","modified_gmt":"2026-08-21T14:45:08","slug":"maailma-esireket-jannik-sinner-jatab-polvevigastuse-tottu-us-openi-vahele","status":"publish","type":"post","link":"https:\/\/www.europesays.com\/ee\/257544\/","title":{"rendered":"Maailma esireket Jannik Sinner j\u00e4tab p\u00f5lvevigastuse t\u00f5ttu US Openi vahele"},"content":{"rendered":"<p>Parema p\u00f5lvega h\u00e4das olev Sinner oli viimati v\u00f5istlustules Wimbledonis. Seej\u00e4rel teatas Sinner, et j\u00e4\u00e4b eemale Cincinnati Openist, kuid loodab US Openiks rivis olla. N\u00fc\u00fcd loobus ta ka US Openist.<\/p>\n<p>\u201eOlen koos oma tiimiga ja meditsiinipersonaliga teinud k\u00f5vasti t\u00f6\u00f6d, kuid pidime siiski v\u00f5tma vastu raske otsuse ning ma j\u00e4\u00e4n US Openist eemale,\u201c s\u00f5nas Sinner sotsiaalmeedia vahendusel. \u201eOlen viimastel p\u00e4evadel Monte Carlos taas tennist m\u00e4nginud, kuid sain aru, et minu p\u00f5lv vajab veel puhkust.\u201c<\/p>\n<p>25-aastane Sinner on senise karj\u00e4\u00e4ri jooksul v\u00f5itnud viis suure sl\u00e4mmi turniiri. US Openil v\u00f5idutses ta 2024. aastal. Lisaks on tal kaks esikohta Austraalia lahtistelt ning Wimbledonist.<\/p>\n<p>T\u00e4navune US Open peetakse 30. augustist kuni 13. septembrini.<\/p>\n<p>Kuidas see lugu Sind end tundma pani?Saada<a href=\"https:\/\/sport.delfi.ee\/artikkel\/120605268\/maailma-esireket-jannik-sinner-jatab-polvevigastuse-tottu-us-openi-vahele\/kommentaarid\" class=\"button button--primary button--size-auto article-body-bottom__comment article-body-bottom__comment--write\" style=\"\" rel=\"nofollow noopener\" target=\"_blank\">Kommenteeri<\/a><a href=\"https:\/\/sport.delfi.ee\/artikkel\/120605268\/maailma-esireket-jannik-sinner-jatab-polvevigastuse-tottu-us-openi-vahele\/kommentaarid\" class=\"button button--size-auto article-body-bottom__comment article-body-bottom__comment--read\" style=\"\" rel=\"nofollow noopener\" target=\"_blank\">Loe kommentaare (1)<\/a><\/p>\n","protected":false},"excerpt":{"rendered":"Parema p\u00f5lvega h\u00e4das olev Sinner oli viimati v\u00f5istlustules Wimbledonis. Seej\u00e4rel teatas Sinner, et j\u00e4\u00e4b eemale Cincinnati Openist, kuid&hellip;\n","protected":false},"author":2,"featured_media":257545,"comment_status":"","ping_status":"","sticky":false,"template":"","format":"standard","meta":{"footnotes":"","_share_on_mastodon":"0"},"categories":[18],"tags":[37,33,35,34,36,6291,159,158,6779],"class_list":["post-257544","post","type-post","status-publish","format-standard","has-post-thumbnail","category-sport","tag-ee","tag-eesti","tag-eesti-keel","tag-estonia","tag-estonian","tag-jannik-sinner","tag-sport","tag-sports","tag-us-open"],"share_on_mastodon":{"url":"https:\/\/pubeurope.com\/@ee\/117134041080363898","error":""},"_links":{"self":[{"href":"https:\/\/www.europesays.com\/ee\/wp-json\/wp\/v2\/posts\/257544","targetHints":{"allow":["GET"]}}],"collection":[{"href":"https:\/\/www.europesays.com\/ee\/wp-json\/wp\/v2\/posts"}],"about":[{"href":"https:\/\/www.europesays.com\/ee\/wp-json\/wp\/v2\/types\/post"}],"author":[{"embeddable":true,"href":"https:\/\/www.europesays.com\/ee\/wp-json\/wp\/v2\/users\/2"}],"replies":[{"embeddable":true,"href":"https:\/\/www.europesays.com\/ee\/wp-json\/wp\/v2\/comments?post=257544"}],"version-history":[{"count":0,"href":"https:\/\/www.europesays.com\/ee\/wp-json\/wp\/v2\/posts\/257544\/revisions"}],"wp:featuredmedia":[{"embeddable":true,"href":"https:\/\/www.europesays.com\/ee\/wp-json\/wp\/v2\/media\/257545"}],"wp:attachment":[{"href":"https:\/\/www.europesays.com\/ee\/wp-json\/wp\/v2\/media?parent=257544"}],"wp:term":[{"taxonomy":"category","embeddable":true,"href":"https:\/\/www.europesays.com\/ee\/wp-json\/wp\/v2\/categories?post=257544"},{"taxonomy":"post_tag","embeddable":true,"href":"https:\/\/www.europesays.com\/ee\/wp-json\/wp\/v2\/tags?post=257544"}],"curies":[{"name":"wp","href":"https:\/\/api.w.org\/{rel}","templated":true}]}}