{"id":257550,"date":"2026-08-21T14:49:08","date_gmt":"2026-08-21T14:49:08","guid":{"rendered":"https:\/\/www.europesays.com\/ee\/257550\/"},"modified":"2026-08-21T14:49:08","modified_gmt":"2026-08-21T14:49:08","slug":"sauel-ollakse-kimpus-kolibakteri-pohjustatud-veereostusega-mojutatud-on-erakaevud","status":"publish","type":"post","link":"https:\/\/www.europesays.com\/ee\/257550\/","title":{"rendered":"Sauel ollakse kimpus kolibakteri p\u00f5hjustatud veereostusega. M\u00f5jutatud on erakaevud"},"content":{"rendered":"<p>T\u00e4na kogunes seet\u00f5ttu ka Saue valla kriisikomisjon koos p\u00e4\u00e4steameti ja <a rel=\"noopener nofollow\" target=\"_blank\" href=\"https:\/\/www.delfi.ee\/teema\/37861789\/keskkonnaamet\" tag-id=\"37861789\">keskkonnaameti<\/a> esindajaga. Reostust n\u00e4itasid kaevuveest v\u00f5etud kaheksast proovist seitse.<\/p>\n<p>Esmalt oli arusaam, et reostus puudutab madalamaid, vanemaid ja registreerimata puurkaevusid. N\u00fc\u00fcdseks on infot, et see m\u00f5jutab ka s\u00fcgavamaid puurkaevusid. Reostus ei puuduta \u00fchisveev\u00e4rgiga liitunud majapidamisi. <\/p>\n<p>\u201ePraegu on k\u00f5ige kriitilisem reostusallika tuvastamine. N\u00e4dalavahetusel l\u00e4hevad valla ja keskkonnaameti ametnikud piirkonda j\u00e4relevalvet tegema ja kogumiskaevusid kontrollima. Eriti p\u00f6\u00f6ratakse t\u00e4helepanu \u00fchiskanalisatsiooniga liitumata kinnistutele,\u201c t\u00e4hendas vald ametlikus teates.<\/p>\n<p>Teadaolevatele kontaktidele, kes asuvad reostuse piirkonnas ja ei ole \u00fchiskanalisatsiooni liitunud, saadetakse sellekohane e-kiri koos k\u00fcsimustikuga. Joogivett on elanikel v\u00f5imalik saada AS Tallinna Vee veev\u00f5tukohtadest.<\/p>\n<p class=\"text-align-justify\">Saue vallavalitsusele on kohalikud teada antud seedeh\u00e4iretest, kuid praegu pole kindel, kas haigestumiste ja saastunud puurkaevuvee vahel on otsene seos. Kohalike perearstide s\u00f5nul ei ole viimase kahe n\u00e4dala jooksul m\u00e4rgatud p\u00f6\u00f6rdumiste arvu suurenemist v\u00f5rreldes tavap\u00e4rasega. Sarnaseid vaevusi v\u00f5ivad p\u00f5hjustada ka k\u00f5huviirused.<\/p>\n<p>Kuidas see lugu Sind end tundma pani?Saada<a href=\"https:\/\/www.delfi.ee\/artikkel\/120605266\/sauel-ollakse-kimpus-kolibakteri-pohjustatud-veereostusega-mojutatud-on-erakaevud\/kommentaarid\" class=\"button button--primary button--size-auto article-body-bottom__comment article-body-bottom__comment--write\" style=\"\" rel=\"nofollow noopener\" target=\"_blank\">Kommenteeri<\/a><a href=\"https:\/\/www.delfi.ee\/artikkel\/120605266\/sauel-ollakse-kimpus-kolibakteri-pohjustatud-veereostusega-mojutatud-on-erakaevud\/kommentaarid\" class=\"button button--size-auto article-body-bottom__comment article-body-bottom__comment--read\" style=\"\" rel=\"nofollow noopener\" target=\"_blank\">Loe kommentaare (5)<\/a><\/p>\n","protected":false},"excerpt":{"rendered":"T\u00e4na kogunes seet\u00f5ttu ka Saue valla kriisikomisjon koos p\u00e4\u00e4steameti ja keskkonnaameti esindajaga. Reostust n\u00e4itasid kaevuveest v\u00f5etud kaheksast proovist&hellip;\n","protected":false},"author":2,"featured_media":257551,"comment_status":"","ping_status":"","sticky":false,"template":"","format":"standard","meta":{"footnotes":"","_share_on_mastodon":"0"},"categories":[5],"tags":[26,27,37,33,35,34,36,31,32,21,9840,1452,91061,28,29,19,25,10950,35094,23,24,22,20,30],"class_list":["post-257550","post","type-post","status-publish","format-standard","has-post-thumbnail","category-uldised-uudised","tag-breaking-news","tag-breakingnews","tag-ee","tag-eesti","tag-eesti-keel","tag-estonia","tag-estonian","tag-featured-news","tag-featurednews","tag-headlines","tag-joogivesi","tag-keskkonnaamet","tag-kolibakter","tag-latest-news","tag-latestnews","tag-news","tag-populaarseimad-lood","tag-saue-vald","tag-tallinna-vesi","tag-top-stories","tag-topstories","tag-uldised-uudised","tag-uudised","tag-viimased-uudised"],"share_on_mastodon":{"url":"https:\/\/pubeurope.com\/@ee\/117134056726093247","error":""},"_links":{"self":[{"href":"https:\/\/www.europesays.com\/ee\/wp-json\/wp\/v2\/posts\/257550","targetHints":{"allow":["GET"]}}],"collection":[{"href":"https:\/\/www.europesays.com\/ee\/wp-json\/wp\/v2\/posts"}],"about":[{"href":"https:\/\/www.europesays.com\/ee\/wp-json\/wp\/v2\/types\/post"}],"author":[{"embeddable":true,"href":"https:\/\/www.europesays.com\/ee\/wp-json\/wp\/v2\/users\/2"}],"replies":[{"embeddable":true,"href":"https:\/\/www.europesays.com\/ee\/wp-json\/wp\/v2\/comments?post=257550"}],"version-history":[{"count":0,"href":"https:\/\/www.europesays.com\/ee\/wp-json\/wp\/v2\/posts\/257550\/revisions"}],"wp:featuredmedia":[{"embeddable":true,"href":"https:\/\/www.europesays.com\/ee\/wp-json\/wp\/v2\/media\/257551"}],"wp:attachment":[{"href":"https:\/\/www.europesays.com\/ee\/wp-json\/wp\/v2\/media?parent=257550"}],"wp:term":[{"taxonomy":"category","embeddable":true,"href":"https:\/\/www.europesays.com\/ee\/wp-json\/wp\/v2\/categories?post=257550"},{"taxonomy":"post_tag","embeddable":true,"href":"https:\/\/www.europesays.com\/ee\/wp-json\/wp\/v2\/tags?post=257550"}],"curies":[{"name":"wp","href":"https:\/\/api.w.org\/{rel}","templated":true}]}}