{"id":257580,"date":"2026-08-21T15:22:11","date_gmt":"2026-08-21T15:22:11","guid":{"rendered":"https:\/\/www.europesays.com\/ee\/257580\/"},"modified":"2026-08-21T15:22:11","modified_gmt":"2026-08-21T15:22:11","slug":"koolirunnak-rootsis-viga-sai-mitu-inimest-kahtlusalune-on-kinni-peetud","status":"publish","type":"post","link":"https:\/\/www.europesays.com\/ee\/257580\/","title":{"rendered":"Koolir\u00fcnnak Rootsis: viga sai mitu inimest, kahtlusalune on kinni peetud"},"content":{"rendered":"<p>Relvastatud meessoost isik tungis kohaliku aja j\u00e4rgi kella 14 paiku Brinellskolani g\u00fcmnaasiumisse, kus \u00f5pib ligi 500 \u00f5pilast. Rootsi v\u00e4ljaanne <a rel=\"noopener nofollow\" target=\"_blank\" href=\"https:\/\/www.delfi.ee\/teema\/56941474\/aftonbladet\" tag-id=\"56941474\">Aftonbladet<\/a> t\u00e4psustas, et nende andmetel pandi <a rel=\"noopener nofollow\" target=\"_blank\" href=\"https:\/\/www.delfi.ee\/teema\/59734146\/runnak\" tag-id=\"59734146\">r\u00fcnnak<\/a> toime mat\u0161eetega.<\/p>\n<p>Fagersta omavalitsuse teatel sai mitu inimest vigastada, kuid praegu pole veel selge vigastatute t\u00e4pne arv ega vigastuste raskus. Aftonbladeti s\u00f5nul on haavatuid v\u00e4hemalt kaks.<\/p>\n<p>Politsei kinnitas kahtlusaluse tabamist. Meest tulistati enne kinnipidamist jalga, kirjutas Aftonbladet.<\/p>\n<p>S\u00fcndmuskohal viibinud Rootsi rahvusringh\u00e4\u00e4lingu <a rel=\"noopener nofollow\" target=\"_blank\" href=\"https:\/\/www.delfi.ee\/teema\/96902988\/svt\" tag-id=\"96902988\">SVT<\/a> reporteri s\u00f5nul olid kooli juures kiirabiautod, politsei ja ka politseihelikopter. Juhtumi t\u00f5ttu lukustati nii r\u00fcnnaku alla sattunud kooli kui ka piirkonna teiste koolide \u00f5pilased kooliruumidesse.<\/p>\n<p>\u201eMeile on teatatud t\u00f5sisest intsidendist Fagerstas. Politsei on s\u00fcndmuskohal ja tegeleb juhtumiga v\u00e4ga intensiivselt. Valitsus on politseiga tihedas kontaktis ja j\u00e4lgib pidevalt olukorra arengut,\u201c \u00fctles Rootsi justiitsminister <a rel=\"noopener nofollow\" target=\"_blank\" href=\"https:\/\/www.delfi.ee\/teema\/96870575\/gunnar-strommer\" tag-id=\"96870575\">Gunnar Str\u00f6mmer<\/a>.<\/p>\n<p>Fagersta omavalitsus korraldab juhtunu kohta pressikonverentsi ja seni teemat rohkem ei kommenteeri.<\/p>\n<p>Kuidas see lugu Sind end tundma pani?Saada<a href=\"https:\/\/www.delfi.ee\/artikkel\/120605272\/koolirunnak-rootsis-viga-sai-mitu-inimest-kahtlusalune-on-kinni-peetud\/kommentaarid\" class=\"button button--primary button--size-auto article-body-bottom__comment article-body-bottom__comment--write\" style=\"\" rel=\"nofollow noopener\" target=\"_blank\">Kommenteeri<\/a><a href=\"https:\/\/www.delfi.ee\/artikkel\/120605272\/koolirunnak-rootsis-viga-sai-mitu-inimest-kahtlusalune-on-kinni-peetud\/kommentaarid\" class=\"button button--size-auto article-body-bottom__comment article-body-bottom__comment--read\" style=\"\" rel=\"nofollow noopener\" target=\"_blank\">Loe kommentaare (9)<\/a><\/p>\n","protected":false},"excerpt":{"rendered":"Relvastatud meessoost isik tungis kohaliku aja j\u00e4rgi kella 14 paiku Brinellskolani g\u00fcmnaasiumisse, kus \u00f5pib ligi 500 \u00f5pilast. Rootsi&hellip;\n","protected":false},"author":2,"featured_media":257581,"comment_status":"","ping_status":"","sticky":false,"template":"","format":"standard","meta":{"footnotes":"","_share_on_mastodon":"0"},"categories":[5],"tags":[28245,26,27,37,33,35,34,36,31,32,18994,21,28,29,19,25,889,762,92062,23,24,22,20,30],"class_list":["post-257580","post","type-post","status-publish","format-standard","has-post-thumbnail","category-uldised-uudised","tag-aftonbladet","tag-breaking-news","tag-breakingnews","tag-ee","tag-eesti","tag-eesti-keel","tag-estonia","tag-estonian","tag-featured-news","tag-featurednews","tag-gunnar-strommer","tag-headlines","tag-latest-news","tag-latestnews","tag-news","tag-populaarseimad-lood","tag-rootsi","tag-runnak","tag-svt","tag-top-stories","tag-topstories","tag-uldised-uudised","tag-uudised","tag-viimased-uudised"],"share_on_mastodon":{"url":"https:\/\/pubeurope.com\/@ee\/117134186587306972","error":""},"_links":{"self":[{"href":"https:\/\/www.europesays.com\/ee\/wp-json\/wp\/v2\/posts\/257580","targetHints":{"allow":["GET"]}}],"collection":[{"href":"https:\/\/www.europesays.com\/ee\/wp-json\/wp\/v2\/posts"}],"about":[{"href":"https:\/\/www.europesays.com\/ee\/wp-json\/wp\/v2\/types\/post"}],"author":[{"embeddable":true,"href":"https:\/\/www.europesays.com\/ee\/wp-json\/wp\/v2\/users\/2"}],"replies":[{"embeddable":true,"href":"https:\/\/www.europesays.com\/ee\/wp-json\/wp\/v2\/comments?post=257580"}],"version-history":[{"count":0,"href":"https:\/\/www.europesays.com\/ee\/wp-json\/wp\/v2\/posts\/257580\/revisions"}],"wp:featuredmedia":[{"embeddable":true,"href":"https:\/\/www.europesays.com\/ee\/wp-json\/wp\/v2\/media\/257581"}],"wp:attachment":[{"href":"https:\/\/www.europesays.com\/ee\/wp-json\/wp\/v2\/media?parent=257580"}],"wp:term":[{"taxonomy":"category","embeddable":true,"href":"https:\/\/www.europesays.com\/ee\/wp-json\/wp\/v2\/categories?post=257580"},{"taxonomy":"post_tag","embeddable":true,"href":"https:\/\/www.europesays.com\/ee\/wp-json\/wp\/v2\/tags?post=257580"}],"curies":[{"name":"wp","href":"https:\/\/api.w.org\/{rel}","templated":true}]}}