{"id":257598,"date":"2026-08-21T15:52:13","date_gmt":"2026-08-21T15:52:13","guid":{"rendered":"https:\/\/www.europesays.com\/ee\/257598\/"},"modified":"2026-08-21T15:52:13","modified_gmt":"2026-08-21T15:52:13","slug":"staaride-vastasseis-jokic-vedas-serbia-voidule-wembanyama-ja-prantsusmaa-ule-2","status":"publish","type":"post","link":"https:\/\/www.europesays.com\/ee\/257598\/","title":{"rendered":"Staaride vastasseis: Joki\u0107 vedas Serbia v\u00f5idule Wembanyama ja Prantsusmaa \u00fcle"},"content":{"rendered":"<p>M\u00f5lemal koondisel on augustis abiks ka oma praegused suurimad staarid Nikola Joki\u0107 (Serbia) ja <a rel=\"noopener nofollow\" target=\"_blank\" href=\"https:\/\/www.delfi.ee\/teema\/96855838\/victor-wembanyama\" tag-id=\"96855838\">Victor Wembanyama<\/a> (Prantsusmaa).<\/p>\n<p>Belgrade Arenal pea 20 000 pealtvaataja ees toimunud mat\u0161i v\u00f5itsid kodupubliku r\u00f5\u00f5muks serblased. V\u00f5\u00f5rustajad j\u00e4id tasav\u00e4gises m\u00e4ngus peale 90:87 (22:19, 24:26, 26:17, 18:25).<\/p>\n<p>Joki\u0107 viskas v\u00f5idum\u00e4ngus 20 punkti, noppis \u00fcheksa lauapalli ning jagas kaheksa s\u00f6\u00f6tu. Nikola Milutinov lisas 15 punkti. Prantsusmaa resultatiivseim oli Amine Noua 14 punktiga, Wembanyama arvele j\u00e4i k\u00fcmme punkti ning viis lauapalli. <\/p>\n<p>San Antonio Spursi m\u00e4ngumees Wembanyama, kes patustas kuue pallikaotusega, t\u00f5des, et vajab veel m\u00e4ngur\u00fctmi saamisega aega. \u201eOlen veidi roostes, p\u00fc\u00fcame endiselt saada r\u00fctmi ja leida k\u00e4igud,\u201c vahendas Eurohoops 22-aastase keskm\u00e4ngija s\u00f5nu. \u201eV\u00f5itlesime aga l\u00f5puni ja sellega olen rahul.\u201c<\/p>\n<p>K\u00fcsimuse peale, mis on NBA ja koondisekorvpalli peamised erinevused, kostis Wembanyama: \u201eEelk\u00f5ige on k\u00fcsimus pallis, millega m\u00e4ngime. Erinevusi v\u00f5rreldes NBA-ga jagub, aga see on \u00fcks suuremaid.\u201c<\/p>\n<p>31-aastane Denver Nuggetsi superstaar Joki\u0107 kiitis m\u00e4ngu j\u00e4rel prantslast ning s\u00f5nas, et mingisugust rivaliteeti ta kahe keskm\u00e4ngija vahel ei n\u00e4e. \u201eTa on kindlasti v\u00e4ga eriline m\u00e4ngija, ta on unikaalne nii korvpalluri kui inimesena. Siin ei ole rivaalitsemist,\u201c lausus serblane. \u201eKindlasti v\u00f5ib temast saada ajaloo k\u00f5ige unikaalsem korvpallur. K\u00f5ik s\u00f5ltub sellest, kui k\u00f5vasti ta t\u00f6\u00f6tab ning kuidas ta m\u00e4ngu sisse elab.\u201c<\/p>\n<p>Prantsusmaa kuulub MM-i valiksarja teises ringis samasse alagruppi Eestiga, aga meie koondis prantslastega augustis ei kohtu. Prantsusmaa m\u00e4ngib j\u00e4rgmisel n\u00e4dalal Sloveenia ja Rootsiga, Eestit ootavad ees Ungari ning Soome.<\/p>\n<p>L-grupis on Prantsusmaa liider (5-1), neile j\u00e4rgnevad Soome (4-2), Eesti, Sloveenia, Ungari ja Rootsi (k\u00f5igil 3-3). Eesti v\u00f5\u00f5rustab Prantsusmaad novembris.<\/p>\n<p>Serbia jahib MM-piletit J-grupis, kus ollakse nelja v\u00f5idu ja kahe kaotusega kolmandal positsioonil. T\u00e4iseduga j\u00e4tkab T\u00fcrgi, serblaste ees on veel ka Itaalia (5-1). Serbia kohtub augustis Islandi (3-3) ning Itaaliaga.<\/p>\n<p>Kuidas see lugu Sind end tundma pani?Saada<a href=\"https:\/\/sport.delfi.ee\/artikkel\/120605192\/staaride-vastasseis-jokic-vedas-serbia-voidule-wembanyama-ja-prantsusmaa-ule\/kommentaarid\" class=\"button button--primary button--size-auto article-body-bottom__comment article-body-bottom__comment--write\" style=\"\" rel=\"nofollow noopener\" target=\"_blank\">Kommenteeri<\/a><a href=\"https:\/\/sport.delfi.ee\/artikkel\/120605192\/staaride-vastasseis-jokic-vedas-serbia-voidule-wembanyama-ja-prantsusmaa-ule\/kommentaarid\" class=\"button button--size-auto article-body-bottom__comment article-body-bottom__comment--read\" style=\"\" rel=\"nofollow noopener\" target=\"_blank\">Loe kommentaare (2)<\/a><\/p>\n","protected":false},"excerpt":{"rendered":"M\u00f5lemal koondisel on augustis abiks ka oma praegused suurimad staarid Nikola Joki\u0107 (Serbia) ja Victor Wembanyama (Prantsusmaa). Belgrade&hellip;\n","protected":false},"author":2,"featured_media":257599,"comment_status":"","ping_status":"","sticky":false,"template":"","format":"standard","meta":{"footnotes":"","_share_on_mastodon":"0"},"categories":[14],"tags":[131,13864,130,37,33,35,34,36,13489,90625,55837,14616],"class_list":["post-257598","post","type-post","status-publish","format-standard","has-post-thumbnail","category-ari","tag-ari","tag-belgrad","tag-business","tag-ee","tag-eesti","tag-eesti-keel","tag-estonia","tag-estonian","tag-nikola-jokic","tag-prantsusmaa-korvpallikoondis","tag-serbia-korvpallikoondis","tag-victor-wembanyama"],"share_on_mastodon":{"url":"https:\/\/pubeurope.com\/@ee\/117134304551267220","error":""},"_links":{"self":[{"href":"https:\/\/www.europesays.com\/ee\/wp-json\/wp\/v2\/posts\/257598","targetHints":{"allow":["GET"]}}],"collection":[{"href":"https:\/\/www.europesays.com\/ee\/wp-json\/wp\/v2\/posts"}],"about":[{"href":"https:\/\/www.europesays.com\/ee\/wp-json\/wp\/v2\/types\/post"}],"author":[{"embeddable":true,"href":"https:\/\/www.europesays.com\/ee\/wp-json\/wp\/v2\/users\/2"}],"replies":[{"embeddable":true,"href":"https:\/\/www.europesays.com\/ee\/wp-json\/wp\/v2\/comments?post=257598"}],"version-history":[{"count":0,"href":"https:\/\/www.europesays.com\/ee\/wp-json\/wp\/v2\/posts\/257598\/revisions"}],"wp:featuredmedia":[{"embeddable":true,"href":"https:\/\/www.europesays.com\/ee\/wp-json\/wp\/v2\/media\/257599"}],"wp:attachment":[{"href":"https:\/\/www.europesays.com\/ee\/wp-json\/wp\/v2\/media?parent=257598"}],"wp:term":[{"taxonomy":"category","embeddable":true,"href":"https:\/\/www.europesays.com\/ee\/wp-json\/wp\/v2\/categories?post=257598"},{"taxonomy":"post_tag","embeddable":true,"href":"https:\/\/www.europesays.com\/ee\/wp-json\/wp\/v2\/tags?post=257598"}],"curies":[{"name":"wp","href":"https:\/\/api.w.org\/{rel}","templated":true}]}}