{"id":257606,"date":"2026-08-21T16:03:11","date_gmt":"2026-08-21T16:03:11","guid":{"rendered":"https:\/\/www.europesays.com\/ee\/257606\/"},"modified":"2026-08-21T16:03:11","modified_gmt":"2026-08-21T16:03:11","slug":"youtube-premium-teenus-laheb-eestis-kallimaks","status":"publish","type":"post","link":"https:\/\/www.europesays.com\/ee\/257606\/","title":{"rendered":"YouTube Premium teenus l\u00e4heb Eestis kallimaks"},"content":{"rendered":"<p><img decoding=\"async\" src=\"https:\/\/www.europesays.com\/ee\/wp-content\/uploads\/2026\/08\/9bd0f2ca-bb2e-42bb-9e10-9453c8056ebc.jpg\" loading=\"lazy\" alt=\"YouTube saatis preemiumpaketi kasutajatele hinnat\u00f5usust teavitava kirja.\"\/><\/p>\n<p>Muusika voogedastuse teenuste regulaarsed hinnat\u00f5usud on muutunud tavap\u00e4raseks n\u00e4htuseks. M\u00f5ne aja eest t\u00f5stis hinda turuliider Spotify ning alles juulis tegi seni \u00fcsna soodne ning meilt parima hinna ja helikvaliteedi suhte p\u00e4rast kiita saanud <a rel=\"noopener follow nofollow\" target=\"_blank\" href=\"https:\/\/geenius.delfi.ee\/artikkel\/120601450\/meelis-valjamae-kuu-kokkuvote-ai-on-hakker-oneplus-lahkus-eestist-ja-samsung-tegi-uued-volditavad-telefonid\" data-rel-date-range=\"[]\">Tidal <\/a>perepaketi hinna lausa 60% kallimaks.<\/p>\n<p>K\u00f5ik see on loomulikult pannud kasutajad vaatama alternatiivide poole ning viimase aasta jooksul on h\u00fcppeliselt kasvanud kaasaskantavate meediapleierite m\u00fc\u00fck ning taas on pead t\u00f5stmas vahepeal praktiliselt v\u00e4lja surnud muusikapiraatlus.<\/p>\n<p>Kuidas see lugu Sind end tundma pani?Saada<\/p>\n","protected":false},"excerpt":{"rendered":"Muusika voogedastuse teenuste regulaarsed hinnat\u00f5usud on muutunud tavap\u00e4raseks n\u00e4htuseks. M\u00f5ne aja eest t\u00f5stis hinda turuliider Spotify ning alles&hellip;\n","protected":false},"author":2,"featured_media":257607,"comment_status":"","ping_status":"","sticky":false,"template":"","format":"standard","meta":{"footnotes":"","_share_on_mastodon":"0"},"categories":[14],"tags":[131,130,37,33,35,34,36,100451,3025,100450],"class_list":["post-257606","post","type-post","status-publish","format-standard","has-post-thumbnail","category-ari","tag-ari","tag-business","tag-ee","tag-eesti","tag-eesti-keel","tag-estonia","tag-estonian","tag-preemiumpakett","tag-youtube","tag-youtube-premium"],"share_on_mastodon":{"url":"https:\/\/pubeurope.com\/@ee\/117134347884750437","error":""},"_links":{"self":[{"href":"https:\/\/www.europesays.com\/ee\/wp-json\/wp\/v2\/posts\/257606","targetHints":{"allow":["GET"]}}],"collection":[{"href":"https:\/\/www.europesays.com\/ee\/wp-json\/wp\/v2\/posts"}],"about":[{"href":"https:\/\/www.europesays.com\/ee\/wp-json\/wp\/v2\/types\/post"}],"author":[{"embeddable":true,"href":"https:\/\/www.europesays.com\/ee\/wp-json\/wp\/v2\/users\/2"}],"replies":[{"embeddable":true,"href":"https:\/\/www.europesays.com\/ee\/wp-json\/wp\/v2\/comments?post=257606"}],"version-history":[{"count":0,"href":"https:\/\/www.europesays.com\/ee\/wp-json\/wp\/v2\/posts\/257606\/revisions"}],"wp:featuredmedia":[{"embeddable":true,"href":"https:\/\/www.europesays.com\/ee\/wp-json\/wp\/v2\/media\/257607"}],"wp:attachment":[{"href":"https:\/\/www.europesays.com\/ee\/wp-json\/wp\/v2\/media?parent=257606"}],"wp:term":[{"taxonomy":"category","embeddable":true,"href":"https:\/\/www.europesays.com\/ee\/wp-json\/wp\/v2\/categories?post=257606"},{"taxonomy":"post_tag","embeddable":true,"href":"https:\/\/www.europesays.com\/ee\/wp-json\/wp\/v2\/tags?post=257606"}],"curies":[{"name":"wp","href":"https:\/\/api.w.org\/{rel}","templated":true}]}}